{"id":12337,"date":"2020-11-19T16:28:19","date_gmt":"2020-11-19T19:28:19","guid":{"rendered":"https:\/\/www.reabilitar.org.br\/ceir\/?p=12337"},"modified":"2022-12-13T09:32:58","modified_gmt":"2022-12-13T12:32:58","slug":"reabilitacao-pos-covid-19","status":"publish","type":"post","link":"https:\/\/www.reabilitar.org.br\/ceir\/reabilitacao-pos-covid-19\/","title":{"rendered":"Reabilita\u00e7\u00e3o p\u00f3s-covid-19"},"content":{"rendered":"<hr \/>\n<p><i>Atendimento a pacientes que evolu\u00edram com limita\u00e7\u00f5es na capacidade funcional (muscular e respirat\u00f3ria), qualidade de vida, grau de fadiga, condi\u00e7\u00f5es nutricionais, cognitivas e ps\u00edquicas ap\u00f3s a covid-19.<\/i><\/p>\n<hr \/>\n\n\t\t<style type=\"text\/css\">\n\t\t\t#gallery-1 {\n\t\t\t\tmargin: auto;\n\t\t\t}\n\t\t\t#gallery-1 .gallery-item {\n\t\t\t\tfloat: left;\n\t\t\t\tmargin-top: 10px;\n\t\t\t\ttext-align: center;\n\t\t\t\twidth: 33%;\n\t\t\t}\n\t\t\t#gallery-1 img {\n\t\t\t\tborder: 2px solid #cfcfcf;\n\t\t\t}\n\t\t\t#gallery-1 .gallery-caption {\n\t\t\t\tmargin-left: 0;\n\t\t\t}\n\t\t\t\/* see gallery_shortcode() in wp-includes\/media.php *\/\n\t\t<\/style>\n\t\t<div id='gallery-1' class='gallery galleryid-12337 gallery-columns-3 gallery-size-medium'><dl class='gallery-item'>\n\t\t\t<dt class='gallery-icon landscape'>\n\t\t\t\t<a href='https:\/\/www.reabilitar.org.br\/ceir\/reabilitacao-pos-covid-19\/ceir_piaui-5-3\/'><img width=\"300\" height=\"225\" src=\"https:\/\/www.reabilitar.org.br\/ceir\/wp-content\/uploads\/2020\/11\/Ceir_Piau\u00ed-5-1-300x225.jpeg\" class=\"attachment-medium size-medium\" alt=\"\" loading=\"lazy\" srcset=\"https:\/\/www.reabilitar.org.br\/ceir\/wp-content\/uploads\/2020\/11\/Ceir_Piau\u00ed-5-1-300x225.jpeg 300w, https:\/\/www.reabilitar.org.br\/ceir\/wp-content\/uploads\/2020\/11\/Ceir_Piau\u00ed-5-1-768x576.jpeg 768w, https:\/\/www.reabilitar.org.br\/ceir\/wp-content\/uploads\/2020\/11\/Ceir_Piau\u00ed-5-1-1024x768.jpeg 1024w, https:\/\/www.reabilitar.org.br\/ceir\/wp-content\/uploads\/2020\/11\/Ceir_Piau\u00ed-5-1.jpeg 1280w\" sizes=\"(max-width: 300px) 100vw, 300px\" \/><\/a>\n\t\t\t<\/dt><\/dl><dl class='gallery-item'>\n\t\t\t<dt class='gallery-icon landscape'>\n\t\t\t\t<a href='https:\/\/www.reabilitar.org.br\/ceir\/ceir-prepara-unidade-para-reabilitacao-de-recuperados-da-covid\/ceir_piaui-2\/'><img width=\"300\" height=\"225\" src=\"https:\/\/www.reabilitar.org.br\/ceir\/wp-content\/uploads\/2020\/07\/Ceir_Piau\u00ed-2-300x225.jpeg\" class=\"attachment-medium size-medium\" alt=\"\" loading=\"lazy\" srcset=\"https:\/\/www.reabilitar.org.br\/ceir\/wp-content\/uploads\/2020\/07\/Ceir_Piau\u00ed-2-300x225.jpeg 300w, https:\/\/www.reabilitar.org.br\/ceir\/wp-content\/uploads\/2020\/07\/Ceir_Piau\u00ed-2-768x576.jpeg 768w, https:\/\/www.reabilitar.org.br\/ceir\/wp-content\/uploads\/2020\/07\/Ceir_Piau\u00ed-2-1024x768.jpeg 1024w, https:\/\/www.reabilitar.org.br\/ceir\/wp-content\/uploads\/2020\/07\/Ceir_Piau\u00ed-2.jpeg 1280w\" sizes=\"(max-width: 300px) 100vw, 300px\" \/><\/a>\n\t\t\t<\/dt><\/dl><dl class='gallery-item'>\n\t\t\t<dt class='gallery-icon landscape'>\n\t\t\t\t<a href='https:\/\/www.reabilitar.org.br\/ceir\/ceir-prepara-unidade-para-reabilitacao-de-recuperados-da-covid\/ceir_piaui-1\/'><img width=\"300\" height=\"225\" src=\"https:\/\/www.reabilitar.org.br\/ceir\/wp-content\/uploads\/2020\/07\/Ceir_Piau\u00ed-1-300x225.jpeg\" class=\"attachment-medium size-medium\" alt=\"\" loading=\"lazy\" srcset=\"https:\/\/www.reabilitar.org.br\/ceir\/wp-content\/uploads\/2020\/07\/Ceir_Piau\u00ed-1-300x225.jpeg 300w, https:\/\/www.reabilitar.org.br\/ceir\/wp-content\/uploads\/2020\/07\/Ceir_Piau\u00ed-1-768x576.jpeg 768w, https:\/\/www.reabilitar.org.br\/ceir\/wp-content\/uploads\/2020\/07\/Ceir_Piau\u00ed-1-1024x768.jpeg 1024w, https:\/\/www.reabilitar.org.br\/ceir\/wp-content\/uploads\/2020\/07\/Ceir_Piau\u00ed-1.jpeg 1280w\" sizes=\"(max-width: 300px) 100vw, 300px\" \/><\/a>\n\t\t\t<\/dt><\/dl><br style=\"clear: both\" \/>\n\t\t<\/div>\n\n<p>&nbsp;<\/p>\n<p>O atendimento \u00e9 feito por uma equipe multidisciplinar, composta por m\u00e9dicos, fisioterapeutas, enfermeiras, nutricionista, psic\u00f3logas e fonoaudi\u00f3logas.<\/p>\n<p>Como os atendimentos s\u00e3o realizados com m\u00e9todos e recursos terap\u00eauticos espec\u00edficos para pessoas acometidas de covid-19, n\u00e3o h\u00e1 altera\u00e7\u00e3o no fluxo de vagas e atendimentos aos usu\u00e1rios das demais cl\u00ednicas da institui\u00e7\u00e3o.<\/p>\n<p>Estima-se ser necess\u00e1rio um per\u00edodo de quatro a doze semanas no Programa de Reabilita\u00e7\u00e3o Cardiopulmonar P\u00f3s- Covid para se observar melhora das sequelas respirat\u00f3rias, funcionais e da qualidade de vida, sendo que esse per\u00edodo pode ser mais curto ou mais prolongado conforme as necessidades de cada paciente.<\/p>\n<p>&nbsp;<\/p>\n<hr \/>\n<p class=\"western\" align=\"justify\"><span style=\"color: #008000;\"><span style=\"font-family: Calibri, sans-serif;\"><b>Protocolo e preven\u00e7\u00e3o \u00e0 prolifera\u00e7\u00e3o da covid-19<\/b><\/span><\/span><\/p>\n<hr \/>\n<p>As terapias funcionam no hor\u00e1rio das 13h \u00e0s 17h, de segunda a sexta-feira, com um intervalo de 10 minutos entre os atendimentos. Esse \u00e9 o momento de higieniza\u00e7\u00e3o da estrutura f\u00edsica e dos equipamentos, seguindo o protocolo de seguran\u00e7a elaborado pela institui\u00e7\u00e3o e que tem como refer\u00eancia as normas estabelecidas nos decretos do Governo do Estado do Piau\u00ed e da Prefeitura de Teresina.<\/p>\n<p>Para a realiza\u00e7\u00e3o do programa de reabilita\u00e7\u00e3o de pessoas acometidas pela covid-19, s\u00e3o utilizados Equipamentos de Prote\u00e7\u00e3o Individual (EPI) em pacientes e toda a equipe de profissionais do centro. O espa\u00e7o f\u00edsico \u00e9 adequadamente organizado com consult\u00f3rios m\u00e9dicos; salas individuais para atendimento e \u00e1rea espec\u00edfica voltada para reabilita\u00e7\u00e3o cardiopulmonar. Conta ainda com os servi\u00e7os do Centro de Diagn\u00f3stico, que oferta exames laboratoriais, raios-X, tomografia computadorizada, ultrassom, espirometria, eletrocardiograma, tomografia computadorizada e resson\u00e2ncia magn\u00e9tica, sendo que todos os exames dever\u00e3o ser previamente autorizados pelo SUS.<\/p>\n<p>&nbsp;<\/p>\n<hr \/>\n<p class=\"western\" align=\"justify\"><span style=\"color: #008000;\"><span style=\"font-family: Calibri, sans-serif;\"><b>Saiba como ter acesso<\/b><\/span><\/span><\/p>\n<hr \/>\n<p>A porta de entrada para o tratamento acontece de duas formas: via encaminhamento do hospital de origem da interna\u00e7\u00e3o ou atrav\u00e9s das Unidades B\u00e1sicas de Sa\u00fade.<\/p>\n<p>Pacientes que j\u00e1 tiveram alta da UTI ou de unidade de covid de longa perman\u00eancia no Piau\u00ed devem seguir os seguintes passos:<\/p>\n<p><strong>a)<\/strong> Procurar a Unidade de Sa\u00fade mais pr\u00f3xima de sua resid\u00eancia e fazer uma consulta com um m\u00e9dico do PSF ou credenciado pelo SUS. Solicitar o preenchimento da guia de marca\u00e7\u00e3o de consultas do SUS;<\/p>\n<p><strong>b)<\/strong> Anexar \u00e0 solicita\u00e7\u00e3o do m\u00e9dico as c\u00f3pias dos seguintes documentos: CPF e RG, cart\u00e3o do SUS (Cart\u00e3o Nacional de Sa\u00fade), comprovante de resid\u00eancia com CEP e, pelo menos, um n\u00famero de telefone para contato;<\/p>\n<p><strong>c)<\/strong> Procurar o setor de marca\u00e7\u00e3o de consultas online do SUS no Posto de Sa\u00fade ou Secretaria de Sa\u00fade do seu munic\u00edpio.<\/p>\n<p><strong>d)<\/strong> O operador de marca\u00e7\u00e3o dever\u00e1 seguir os seguintes passos para marca\u00e7\u00e3o no sistema online do SUS (https:\/\/fmsteresina.gestorsolucao.net.br\/):<\/p>\n<p>1\u00ba Passo: Marca\u00e7\u00e3o;<br \/>\n2\u00ba Passo: Agendamento;<br \/>\n3\u00ba Passo: Nome do procedimento \u2013 preencher com <strong>TRIAGEM<\/strong> e fazer a busca;<br \/>\n4\u00ba passo: Selecionar o procedimentos <strong>CEIR \u2013 TRIAGEM \u2013 REABILITA\u00c7\u00c3O \u2013 P\u00d3S-COVID*<\/strong>, que ser\u00e1 visualizada no sistema do SUS atrav\u00e9s do site https:\/\/fmsteresina.gestorsolucao.net.br\/.<\/p>\n<p>\u2013 Pacientes que est\u00e3o recebendo alta podem ser encaminhados pela pr\u00f3pria unidade, diretamente ao Ceir, via marca\u00e7\u00e3o da Triagem Reabilita\u00e7\u00e3o P\u00f3s covid-19 no Sistema SUS (https:\/\/fmsteresina.gestorsolucao.net.br\/).<\/p>\n<p>5\u00ba passo: Havendo vagas, o sistema ir\u00e1 informar o profissional, dia e o hor\u00e1rio da triagem no Ceir.<\/p>\n<p>Pronto, voc\u00ea j\u00e1 sai com o dia e a hora da primeira consulta no Ceir e dever\u00e1 comparecer na data agendada, levando o encaminhamento com a autoriza\u00e7\u00e3o e os documentos;<\/p>\n<p>Caso n\u00e3o haja vagas, o operador entregar\u00e1 um informativo com o n\u00famero de regula\u00e7\u00e3o e o usu\u00e1rio poder\u00e1 acompanhar a situa\u00e7\u00e3o atrav\u00e9s do site: http:\/\/sus.teresina.pi.gov.br\/confirmacao-de-consulta\/. Se, ap\u00f3s 03 (tr\u00eas) meses, n\u00e3o for agendado, o usu\u00e1rio dever\u00e1 comparecer ao posto de sa\u00fade ou \u00e0 Secretaria de Sa\u00fade do seu munic\u00edpio para solicitar a revalida\u00e7\u00e3o.<\/p>\n<p><strong>*REABILITA\u00c7\u00c3O P\u00d3S-COVID (apenas para pacientes maiores de 12 anos).<\/strong><\/p>\n<hr \/>\n<p style=\"text-align: center;\"><span style=\"color: #ff0000;\"><strong>Saiba mais sobre o servi\u00e7o baixando nossa cartilha<\/strong><\/span><\/p>\n<p style=\"text-align: center;\"><span style=\"color: #008000;\"><strong><a style=\"color: #008000;\" href=\"https:\/\/www.reabilitar.org.br\/ceir\/wp-content\/uploads\/2021\/02\/Cartilha-Pos-Covid.pdf\">Reabilita\u00e7\u00e3o P\u00f3s Covid-19 &#8211; Ceir<\/a>\u00a0<\/strong><\/span><\/p>\n<p style=\"text-align: center;\"><a href=\"https:\/\/www.reabilitar.org.br\/ceir\/wp-content\/uploads\/2020\/11\/Cartilha-Pos-Covid-Parnaiba.pdf\"><span style=\"color: #008000;\"><strong>Reabilita\u00e7\u00e3o P\u00f3s Covid -19 CER IV &#8211; Parna\u00edba\u00a0<\/strong><\/span><\/a><\/p>\n<p>&nbsp;<\/p>\n<hr \/>\n<p style=\"text-align: center;\"><span style=\"color: #0000ff;\"><b>Para mais informa\u00e7\u00f5es e esclarecimentos:<\/b><\/span><\/p>\n<p style=\"text-align: center;\"><span style=\"color: #0000ff;\"><b>(86) 3198-1500 ou <a href=\"mailto:same@ceir.org.br\">same@ceir.org.br<\/a>.<\/b><\/span><\/p>\n<hr \/>\n<p style=\"text-align: right;\"><span style=\"color: #ff0000;\"><strong>+\u00a0<a style=\"color: #ff0000;\" href=\"https:\/\/www.reabilitar.org.br\/ceir\/tag\/reabilitacao-fisica\/\" target=\"_blank\" rel=\"noopener\">Not\u00edcias<\/a><\/strong><\/span><\/p>\n<hr \/>\n<p>Texto: Lays Viana \u2013 Comunica\u00e7\u00e3o\u00a0Ceir<\/p>\n<hr \/>\n<p>&nbsp;<\/p>\n","protected":false},"excerpt":{"rendered":"<p>Atendimento a pacientes que evolu\u00edram com limita\u00e7\u00f5es na capacidade funcional (muscular e respirat\u00f3ria), qualidade de vida, grau de fadiga, condi\u00e7\u00f5es nutricionais, cognitivas e ps\u00edquicas ap\u00f3s a covid-19. &nbsp; O atendimento \u00e9 feito por uma equipe multidisciplinar, composta por m\u00e9dicos, fisioterapeutas, enfermeiras, nutricionista, psic\u00f3logas e fonoaudi\u00f3logas. Como os atendimentos s\u00e3o realizados com m\u00e9todos e recursos terap\u00eauticos [&hellip;]<\/p>\n","protected":false},"author":2,"featured_media":13094,"comment_status":"open","ping_status":"open","sticky":false,"template":"","format":"standard","meta":[],"categories":[2],"tags":[],"acf":[],"_links":{"self":[{"href":"https:\/\/www.reabilitar.org.br\/ceir\/wp-json\/wp\/v2\/posts\/12337"}],"collection":[{"href":"https:\/\/www.reabilitar.org.br\/ceir\/wp-json\/wp\/v2\/posts"}],"about":[{"href":"https:\/\/www.reabilitar.org.br\/ceir\/wp-json\/wp\/v2\/types\/post"}],"author":[{"embeddable":true,"href":"https:\/\/www.reabilitar.org.br\/ceir\/wp-json\/wp\/v2\/users\/2"}],"replies":[{"embeddable":true,"href":"https:\/\/www.reabilitar.org.br\/ceir\/wp-json\/wp\/v2\/comments?post=12337"}],"version-history":[{"count":21,"href":"https:\/\/www.reabilitar.org.br\/ceir\/wp-json\/wp\/v2\/posts\/12337\/revisions"}],"predecessor-version":[{"id":13114,"href":"https:\/\/www.reabilitar.org.br\/ceir\/wp-json\/wp\/v2\/posts\/12337\/revisions\/13114"}],"wp:featuredmedia":[{"embeddable":true,"href":"https:\/\/www.reabilitar.org.br\/ceir\/wp-json\/wp\/v2\/media\/13094"}],"wp:attachment":[{"href":"https:\/\/www.reabilitar.org.br\/ceir\/wp-json\/wp\/v2\/media?parent=12337"}],"wp:term":[{"taxonomy":"category","embeddable":true,"href":"https:\/\/www.reabilitar.org.br\/ceir\/wp-json\/wp\/v2\/categories?post=12337"},{"taxonomy":"post_tag","embeddable":true,"href":"https:\/\/www.reabilitar.org.br\/ceir\/wp-json\/wp\/v2\/tags?post=12337"}],"curies":[{"name":"wp","href":"https:\/\/api.w.org\/{rel}","templated":true}]}}