{"id":12793,"date":"2021-09-29T18:23:08","date_gmt":"2021-09-29T21:23:08","guid":{"rendered":"https:\/\/www.reabilitar.org.br\/ceir\/?p=12793"},"modified":"2021-09-29T18:28:46","modified_gmt":"2021-09-29T21:28:46","slug":"divulgados-gabarito-e-lista-preliminar-de-classificados-na-prova-objetivo-no-processo-seletivo-do-ceir","status":"publish","type":"post","link":"https:\/\/www.reabilitar.org.br\/ceir\/divulgados-gabarito-e-lista-preliminar-de-classificados-na-prova-objetivo-no-processo-seletivo-do-ceir\/","title":{"rendered":"Divulgados gabarito e lista preliminar de classificados na prova objetiva do Processo Seletivo do Ceir"},"content":{"rendered":"<p>Foi divulgada nesta quarta-feira (29), pela Associa\u00e7\u00e3o Reabilitar, entidade respons\u00e1vel pela administra\u00e7\u00e3o do Centro Integrado de Reabilita\u00e7\u00e3o (Ceir), o gabarito e lista preliminar de candidatos classificados na prova objetiva do processo seletivo n\u00b002\/2021.<\/p>\n<p>&nbsp;<\/p>\n<p>A sele\u00e7\u00e3o \u00e9 voltada para a contrata\u00e7\u00e3o de profissionais das \u00e1reas de Fisioterapia (infantil, adulto e aqu\u00e1tica), Psicologia, Fonoaudiologia e Musicoterapia. As vagas do edital n\u00ba 02\/2021 s\u00e3o voltados para a unidade de Teresina. A prova escrita foi aplicada no \u00faltimo s\u00e1bado (25) e os candidatos t\u00eam at\u00e9 esta quinta-feira (30) para apresentar interposi\u00e7\u00e3o de recurso junto \u00e0 Comiss\u00e3o Organizadora.<\/p>\n<p>&nbsp;<\/p>\n<p>A segunda etapa consistir\u00e1 na an\u00e1lise curricular e entrevista, de 4 a 8 de outubro. O resultado final ser\u00e1 no dia 20 de outubro. O gabarito e lista de classificados est\u00e3o dispon\u00edveis no site www.reabilitar.org.br.<\/p>\n","protected":false},"excerpt":{"rendered":"<p>Foi divulgada nesta quarta-feira (29), pela Associa\u00e7\u00e3o Reabilitar, entidade respons\u00e1vel pela administra\u00e7\u00e3o do Centro Integrado de Reabilita\u00e7\u00e3o (Ceir), o gabarito e lista preliminar de candidatos classificados na prova objetiva do processo seletivo n\u00b002\/2021. &nbsp; A sele\u00e7\u00e3o \u00e9 voltada para a contrata\u00e7\u00e3o de profissionais das \u00e1reas de Fisioterapia (infantil, adulto e aqu\u00e1tica), Psicologia, Fonoaudiologia e Musicoterapia. [&hellip;]<\/p>\n","protected":false},"author":2,"featured_media":12795,"comment_status":"open","ping_status":"open","sticky":false,"template":"","format":"standard","meta":[],"categories":[1,29,4],"tags":[20,235,21],"acf":[],"_links":{"self":[{"href":"https:\/\/www.reabilitar.org.br\/ceir\/wp-json\/wp\/v2\/posts\/12793"}],"collection":[{"href":"https:\/\/www.reabilitar.org.br\/ceir\/wp-json\/wp\/v2\/posts"}],"about":[{"href":"https:\/\/www.reabilitar.org.br\/ceir\/wp-json\/wp\/v2\/types\/post"}],"author":[{"embeddable":true,"href":"https:\/\/www.reabilitar.org.br\/ceir\/wp-json\/wp\/v2\/users\/2"}],"replies":[{"embeddable":true,"href":"https:\/\/www.reabilitar.org.br\/ceir\/wp-json\/wp\/v2\/comments?post=12793"}],"version-history":[{"count":5,"href":"https:\/\/www.reabilitar.org.br\/ceir\/wp-json\/wp\/v2\/posts\/12793\/revisions"}],"predecessor-version":[{"id":12800,"href":"https:\/\/www.reabilitar.org.br\/ceir\/wp-json\/wp\/v2\/posts\/12793\/revisions\/12800"}],"wp:featuredmedia":[{"embeddable":true,"href":"https:\/\/www.reabilitar.org.br\/ceir\/wp-json\/wp\/v2\/media\/12795"}],"wp:attachment":[{"href":"https:\/\/www.reabilitar.org.br\/ceir\/wp-json\/wp\/v2\/media?parent=12793"}],"wp:term":[{"taxonomy":"category","embeddable":true,"href":"https:\/\/www.reabilitar.org.br\/ceir\/wp-json\/wp\/v2\/categories?post=12793"},{"taxonomy":"post_tag","embeddable":true,"href":"https:\/\/www.reabilitar.org.br\/ceir\/wp-json\/wp\/v2\/tags?post=12793"}],"curies":[{"name":"wp","href":"https:\/\/api.w.org\/{rel}","templated":true}]}}