{"id":12824,"date":"2022-01-25T12:00:55","date_gmt":"2022-01-25T15:00:55","guid":{"rendered":"https:\/\/www.reabilitar.org.br\/ceir\/?p=12824"},"modified":"2022-01-26T09:39:12","modified_gmt":"2022-01-26T12:39:12","slug":"oficina-ortopedica-do-ceir-recebe-treinamento-sobre-modenizacao-de-proteses","status":"publish","type":"post","link":"https:\/\/www.reabilitar.org.br\/ceir\/oficina-ortopedica-do-ceir-recebe-treinamento-sobre-modenizacao-de-proteses\/","title":{"rendered":"Oficina Ortop\u00e9dica do Ceir recebe treinamento sobre modeniza\u00e7\u00e3o de pr\u00f3teses"},"content":{"rendered":"<p>Teve in\u00edcio nesta ter\u00e7a-feira (25) o treinamento voltado \u00e0 moderniza\u00e7\u00e3o dos produtos utilizados pelo setor de Pr\u00f3teses da Oficina Ortop\u00e9dica do Centro Integrado de Reabilita\u00e7\u00e3o (Ceir). A a\u00e7\u00e3o ter\u00e1 continuidade nesta quarta-feira (26) e \u00e9 realizada em parceria com a Ossur Brasil.<\/p>\n<p>&nbsp;<\/p>\n<p>A atividade foi conduzida pela protesista da empresa, Eula Rodrigues, que explicou aos participantes o passo a passo do funcionamento do liner de cinco an\u00e9is, que consiste em uma meia de silicone com durabilidade de aproximadamente um ano e meio.<\/p>\n<p>&nbsp;<\/p>\n<p>&#8220;\u00c9 uma solu\u00e7\u00e3o que \u00e9 muito mais pr\u00e1tica para o usu\u00e1rio e ajuda muito no controle dos movimentos de rota\u00e7\u00e3o e no controle da pr\u00f3tese, de uma maneira geral, sendo mais pr\u00e1tico para vestir e seguro tamb\u00e9m&#8221;, pontua Eula Rodrigues.<\/p>\n<p>&nbsp;<\/p>\n<p>Durante o primeiro dia de treinamento, a profissional orientou a equipe quanto \u00e0s medidas, enchimento de moldes, modifica\u00e7\u00f5es no gesso e encaixe provis\u00f3rio para a realiza\u00e7\u00e3o de prova antes da pr\u00f3tese ser montada.<\/p>\n<p>&nbsp;<\/p>\n<p>Para o superintendente multiprofissional do Ceir, Aderson Luz, essa \u00e9 mais uma oportunidade de aprimoramento da equipe. &#8220;N\u00f3s j\u00e1 usamos bastantes produtos da Ossur e, nestes dois dias, teremos contato com esse liner, que \u00e9 uma inova\u00e7\u00e3o no mercado. Sem d\u00favidas, nossa equipe estar\u00e1 ainda mais capacitada para entregar produtos de qualidade aos usu\u00e1rios&#8221;, frisa.<\/p>\n<p>&nbsp;<\/p>\n<p><a href=\"https:\/\/www.reabilitar.org.br\/ceir\/wp-content\/uploads\/2022\/01\/DSC_0679.jpg\"><img loading=\"lazy\" class=\"size-medium wp-image-12828 aligncenter\" src=\"https:\/\/www.reabilitar.org.br\/ceir\/wp-content\/uploads\/2022\/01\/DSC_0679-300x199.jpg\" alt=\"\" width=\"300\" height=\"199\" srcset=\"https:\/\/www.reabilitar.org.br\/ceir\/wp-content\/uploads\/2022\/01\/DSC_0679-300x199.jpg 300w, https:\/\/www.reabilitar.org.br\/ceir\/wp-content\/uploads\/2022\/01\/DSC_0679-768x511.jpg 768w, https:\/\/www.reabilitar.org.br\/ceir\/wp-content\/uploads\/2022\/01\/DSC_0679-1024x681.jpg 1024w\" sizes=\"(max-width: 300px) 100vw, 300px\" \/><\/a><\/p>\n","protected":false},"excerpt":{"rendered":"<p>Teve in\u00edcio nesta ter\u00e7a-feira (25) o treinamento voltado \u00e0 moderniza\u00e7\u00e3o dos produtos utilizados pelo setor de Pr\u00f3teses da Oficina Ortop\u00e9dica do Centro Integrado de Reabilita\u00e7\u00e3o (Ceir). A a\u00e7\u00e3o ter\u00e1 continuidade nesta quarta-feira (26) e \u00e9 realizada em parceria com a Ossur Brasil. &nbsp; A atividade foi conduzida pela protesista da empresa, Eula Rodrigues, que explicou [&hellip;]<\/p>\n","protected":false},"author":2,"featured_media":12825,"comment_status":"open","ping_status":"open","sticky":false,"template":"","format":"standard","meta":[],"categories":[1,4],"tags":[235,37,279],"acf":[],"_links":{"self":[{"href":"https:\/\/www.reabilitar.org.br\/ceir\/wp-json\/wp\/v2\/posts\/12824"}],"collection":[{"href":"https:\/\/www.reabilitar.org.br\/ceir\/wp-json\/wp\/v2\/posts"}],"about":[{"href":"https:\/\/www.reabilitar.org.br\/ceir\/wp-json\/wp\/v2\/types\/post"}],"author":[{"embeddable":true,"href":"https:\/\/www.reabilitar.org.br\/ceir\/wp-json\/wp\/v2\/users\/2"}],"replies":[{"embeddable":true,"href":"https:\/\/www.reabilitar.org.br\/ceir\/wp-json\/wp\/v2\/comments?post=12824"}],"version-history":[{"count":4,"href":"https:\/\/www.reabilitar.org.br\/ceir\/wp-json\/wp\/v2\/posts\/12824\/revisions"}],"predecessor-version":[{"id":12830,"href":"https:\/\/www.reabilitar.org.br\/ceir\/wp-json\/wp\/v2\/posts\/12824\/revisions\/12830"}],"wp:featuredmedia":[{"embeddable":true,"href":"https:\/\/www.reabilitar.org.br\/ceir\/wp-json\/wp\/v2\/media\/12825"}],"wp:attachment":[{"href":"https:\/\/www.reabilitar.org.br\/ceir\/wp-json\/wp\/v2\/media?parent=12824"}],"wp:term":[{"taxonomy":"category","embeddable":true,"href":"https:\/\/www.reabilitar.org.br\/ceir\/wp-json\/wp\/v2\/categories?post=12824"},{"taxonomy":"post_tag","embeddable":true,"href":"https:\/\/www.reabilitar.org.br\/ceir\/wp-json\/wp\/v2\/tags?post=12824"}],"curies":[{"name":"wp","href":"https:\/\/api.w.org\/{rel}","templated":true}]}}