{"id":12850,"date":"2022-02-01T12:21:05","date_gmt":"2022-02-01T15:21:05","guid":{"rendered":"https:\/\/www.reabilitar.org.br\/ceir\/?p=12850"},"modified":"2022-02-01T13:21:42","modified_gmt":"2022-02-01T16:21:42","slug":"divulgado-edital-para-processo-seletivo-do-ceir-2","status":"publish","type":"post","link":"https:\/\/www.reabilitar.org.br\/ceir\/divulgado-edital-para-processo-seletivo-do-ceir-2\/","title":{"rendered":"Divulgado edital para Processo Seletivo do Ceir"},"content":{"rendered":"<p>A Associa\u00e7\u00e3o Piauiense de Habilita\u00e7\u00e3o, Reabilita\u00e7\u00e3o e Readapta\u00e7\u00e3o (Reabilitar), institui\u00e7\u00e3o respons\u00e1vel pela administra\u00e7\u00e3o do Centro Integrado de Reabilita\u00e7\u00e3o (Ceir), publicou, nesta ter\u00e7a-feira (1\u00b0), o edital para contrata\u00e7\u00e3o de profissionais para o Centro.<\/p>\n<p>O Processo Seletivo n\u00b0 01\/2022 inclui vagas para cadastro de reserva voltadas \u00e0s \u00e1reas de Servi\u00e7o Social, Terapia Ocupacional e Fisioterapia Aqu\u00e1tica. As inscri\u00e7\u00f5es v\u00e3o de 7 a 14 de fevereiro de 2022 e ser\u00e3o feitas atrav\u00e9s do site da Reabilitar (www.reabilitar.org.br ), mediante preenchimento de formul\u00e1rio e envio da documenta\u00e7\u00e3o exigida.<\/p>\n<p>Os interessados dever\u00e3o pagar a taxa de inscri\u00e7\u00e3o no valor de R$50,00. Ap\u00f3s o deferimento das inscri\u00e7\u00f5es, os participantes ser\u00e3o submetidos \u00e0 prova objetiva, que ser\u00e1 realizada no dia 6 de mar\u00e7o de 2022. A segunda etapa do Processo Seletivo n\u00ba 01\/2022 consiste na an\u00e1lise curricular e realiza\u00e7\u00e3o de entrevista.<\/p>\n<p>O pagamento da TAXA de inscri\u00e7\u00e3o dever\u00e1 ser efetuado mediante Transfer\u00eancia da Conta do Titular ou PIX (dever\u00e1 constar o nome do candidato na descri\u00e7\u00e3o do pix ou da transfer\u00eancia banc\u00e1ria) \u2013 Chave: ceir_nf@ceir.org.br para Conta do Banco do Brasil: Ag\u00eancia \u2013 4710-4 Conta Corrente \u2013 19184-1, em nome da Associa\u00e7\u00e3o Piauiense de Habilita\u00e7\u00e3o, Reabilita\u00e7\u00e3o e Readapta\u00e7\u00e3o \u2013 ASSOCIA\u00c7\u00c3O REABILITAR.<\/p>\n<p>Confira o edital <a href=\"https:\/\/www.reabilitar.org.br\/ceir\/wp-content\/uploads\/2022\/02\/Edital-de-Processo-Seletivo-01.2022.pdf\" target=\"_blank\" rel=\"noopener\">aqui<\/a>.<\/p>\n","protected":false},"excerpt":{"rendered":"<p>A Associa\u00e7\u00e3o Piauiense de Habilita\u00e7\u00e3o, Reabilita\u00e7\u00e3o e Readapta\u00e7\u00e3o (Reabilitar), institui\u00e7\u00e3o respons\u00e1vel pela administra\u00e7\u00e3o do Centro Integrado de Reabilita\u00e7\u00e3o (Ceir), publicou, nesta ter\u00e7a-feira (1\u00b0), o edital para contrata\u00e7\u00e3o de profissionais para o Centro. O Processo Seletivo n\u00b0 01\/2022 inclui vagas para cadastro de reserva voltadas \u00e0s \u00e1reas de Servi\u00e7o Social, Terapia Ocupacional e Fisioterapia Aqu\u00e1tica. As [&hellip;]<\/p>\n","protected":false},"author":2,"featured_media":12724,"comment_status":"open","ping_status":"open","sticky":false,"template":"","format":"standard","meta":[],"categories":[1,29,4],"tags":[235,21],"acf":[],"_links":{"self":[{"href":"https:\/\/www.reabilitar.org.br\/ceir\/wp-json\/wp\/v2\/posts\/12850"}],"collection":[{"href":"https:\/\/www.reabilitar.org.br\/ceir\/wp-json\/wp\/v2\/posts"}],"about":[{"href":"https:\/\/www.reabilitar.org.br\/ceir\/wp-json\/wp\/v2\/types\/post"}],"author":[{"embeddable":true,"href":"https:\/\/www.reabilitar.org.br\/ceir\/wp-json\/wp\/v2\/users\/2"}],"replies":[{"embeddable":true,"href":"https:\/\/www.reabilitar.org.br\/ceir\/wp-json\/wp\/v2\/comments?post=12850"}],"version-history":[{"count":2,"href":"https:\/\/www.reabilitar.org.br\/ceir\/wp-json\/wp\/v2\/posts\/12850\/revisions"}],"predecessor-version":[{"id":12853,"href":"https:\/\/www.reabilitar.org.br\/ceir\/wp-json\/wp\/v2\/posts\/12850\/revisions\/12853"}],"wp:featuredmedia":[{"embeddable":true,"href":"https:\/\/www.reabilitar.org.br\/ceir\/wp-json\/wp\/v2\/media\/12724"}],"wp:attachment":[{"href":"https:\/\/www.reabilitar.org.br\/ceir\/wp-json\/wp\/v2\/media?parent=12850"}],"wp:term":[{"taxonomy":"category","embeddable":true,"href":"https:\/\/www.reabilitar.org.br\/ceir\/wp-json\/wp\/v2\/categories?post=12850"},{"taxonomy":"post_tag","embeddable":true,"href":"https:\/\/www.reabilitar.org.br\/ceir\/wp-json\/wp\/v2\/tags?post=12850"}],"curies":[{"name":"wp","href":"https:\/\/api.w.org\/{rel}","templated":true}]}}