{"id":12864,"date":"2022-02-04T16:47:33","date_gmt":"2022-02-04T19:47:33","guid":{"rendered":"https:\/\/www.reabilitar.org.br\/ceir\/?p=12864"},"modified":"2022-02-04T16:48:25","modified_gmt":"2022-02-04T19:48:25","slug":"ceir-ja-realizou-mais-de-7-mil-mamografias","status":"publish","type":"post","link":"https:\/\/www.reabilitar.org.br\/ceir\/ceir-ja-realizou-mais-de-7-mil-mamografias\/","title":{"rendered":"Ceir j\u00e1 realizou mais de 7 mil mamografias"},"content":{"rendered":"<p>Celebrado neste s\u00e1bado (5), o Dia Nacional da Mamografia \u00e9 uma data que tem como objetivo refor\u00e7ar a import\u00e2ncia do exame para a detec\u00e7\u00e3o em fase inicial de altera\u00e7\u00f5es nas mamas. Desde 2016, o Centro Integrado de Reabilita\u00e7\u00e3o (Ceir) disponibiliza a realiza\u00e7\u00e3o de mamografias \u00e0 popula\u00e7\u00e3o.<\/p>\n<p>&nbsp;<\/p>\n<p>O servi\u00e7o \u00e9 custeado pelo Sistema \u00danico de Sa\u00fade (SUS) e pelo Governo do Estado, contribuindo para o diagn\u00f3stico precoce, essencial para o sucesso do tratamento de pessoas acometidas pela doen\u00e7a. Ao todo, 7.285 mamografias j\u00e1 foram realizadas pelo Centro de Diagn\u00f3stico do Ceir, uma marca que a gest\u00e3o da institui\u00e7\u00e3o comemora com orgulho.<\/p>\n<p>&nbsp;<\/p>\n<p>&#8220;Sabemos o quanto o c\u00e2ncer de mama \u00e9 incidente na popula\u00e7\u00e3o feminina, bem como da sua gravidade. Poder ajudar tantas mulheres a identificar o surgimento da doen\u00e7a \u00e9 realmente gratificante, inclusive, nosso mam\u00f3grafo \u00e9 adaptado para pessoas com defici\u00eancia. \u00c9 importante ressaltar que, al\u00e9m da mamografia, o Centro de Diagn\u00f3stico disponibiliza v\u00e1rios outros exames, como tomografia computadorizada, resson\u00e2ncia magn\u00e9tica, radiografia e ultrassonografia, al\u00e9m de exames laboratoriais, neurol\u00f3gicos, pneumol\u00f3gicos e urol\u00f3gicos, que s\u00e3o realizados diariamente&#8221;, pontua o superintendente multiprofissional do Ceir, Aderson Luz.<\/p>\n<p>&nbsp;<\/p>\n<p>Para ter acesso aos servi\u00e7os, caso o paciente resida na capital, deve procurar a Unidade B\u00e1sica de Sa\u00fade (UBS) mais pr\u00f3xima de sua resid\u00eancia. O m\u00e9dico solicitar\u00e1 o exame, que ser\u00e1 autorizado pelo sistema online do SUS para o Ceir. J\u00e1 os usu\u00e1rios residentes em outros munic\u00edpios devem procurar a Secretaria Municipal de Sa\u00fade local e seguir os tr\u00e2mites para agendamento.<\/p>\n<p>&nbsp;<\/p>\n<p>Texto: Lays Viana &#8211; Comunica\u00e7\u00e3o Ceir<\/p>\n","protected":false},"excerpt":{"rendered":"<p>Celebrado neste s\u00e1bado (5), o Dia Nacional da Mamografia \u00e9 uma data que tem como objetivo refor\u00e7ar a import\u00e2ncia do exame para a detec\u00e7\u00e3o em fase inicial de altera\u00e7\u00f5es nas mamas. Desde 2016, o Centro Integrado de Reabilita\u00e7\u00e3o (Ceir) disponibiliza a realiza\u00e7\u00e3o de mamografias \u00e0 popula\u00e7\u00e3o. &nbsp; O servi\u00e7o \u00e9 custeado pelo Sistema \u00danico de [&hellip;]<\/p>\n","protected":false},"author":2,"featured_media":12865,"comment_status":"open","ping_status":"open","sticky":false,"template":"","format":"standard","meta":[],"categories":[1,4],"tags":[235,39,125],"acf":[],"_links":{"self":[{"href":"https:\/\/www.reabilitar.org.br\/ceir\/wp-json\/wp\/v2\/posts\/12864"}],"collection":[{"href":"https:\/\/www.reabilitar.org.br\/ceir\/wp-json\/wp\/v2\/posts"}],"about":[{"href":"https:\/\/www.reabilitar.org.br\/ceir\/wp-json\/wp\/v2\/types\/post"}],"author":[{"embeddable":true,"href":"https:\/\/www.reabilitar.org.br\/ceir\/wp-json\/wp\/v2\/users\/2"}],"replies":[{"embeddable":true,"href":"https:\/\/www.reabilitar.org.br\/ceir\/wp-json\/wp\/v2\/comments?post=12864"}],"version-history":[{"count":2,"href":"https:\/\/www.reabilitar.org.br\/ceir\/wp-json\/wp\/v2\/posts\/12864\/revisions"}],"predecessor-version":[{"id":12867,"href":"https:\/\/www.reabilitar.org.br\/ceir\/wp-json\/wp\/v2\/posts\/12864\/revisions\/12867"}],"wp:featuredmedia":[{"embeddable":true,"href":"https:\/\/www.reabilitar.org.br\/ceir\/wp-json\/wp\/v2\/media\/12865"}],"wp:attachment":[{"href":"https:\/\/www.reabilitar.org.br\/ceir\/wp-json\/wp\/v2\/media?parent=12864"}],"wp:term":[{"taxonomy":"category","embeddable":true,"href":"https:\/\/www.reabilitar.org.br\/ceir\/wp-json\/wp\/v2\/categories?post=12864"},{"taxonomy":"post_tag","embeddable":true,"href":"https:\/\/www.reabilitar.org.br\/ceir\/wp-json\/wp\/v2\/tags?post=12864"}],"curies":[{"name":"wp","href":"https:\/\/api.w.org\/{rel}","templated":true}]}}