{"id":12868,"date":"2022-02-08T10:08:48","date_gmt":"2022-02-08T13:08:48","guid":{"rendered":"https:\/\/www.reabilitar.org.br\/ceir\/?p=12868"},"modified":"2022-02-08T10:10:56","modified_gmt":"2022-02-08T13:10:56","slug":"inscricoes-para-processo-seletivo-do-ceir-vao-ate-14-de-feveiro","status":"publish","type":"post","link":"https:\/\/www.reabilitar.org.br\/ceir\/inscricoes-para-processo-seletivo-do-ceir-vao-ate-14-de-feveiro\/","title":{"rendered":"Inscri\u00e7\u00f5es para o Processo Seletivo do Ceir v\u00e3o at\u00e9 14 de fevereiro"},"content":{"rendered":"<p>Foram abertas nessa segunda-feira (7) as inscri\u00e7\u00f5es para o Processo Seletivo n\u00ba 01\/2022 para cadastro de reserva do Centro Integrado de Reabilita\u00e7\u00e3o (Ceir). Os interessados devem preecher o formul\u00e1rio de inscri\u00e7\u00e3o e enviar a documenta\u00e7\u00e3o at\u00e9 o dia 14 de fevereiro.<\/p>\n<p>&nbsp;<\/p>\n<p>O Processo Seletivo n\u00b0 01\/2022 inclui vagas para cadastro de reserva voltadas \u00e0s \u00e1reas de Servi\u00e7o Social, Terapia Ocupacional e Fisioterapia Aqu\u00e1tica. As inscri\u00e7\u00f5es s\u00e3o feitas atrav\u00e9s do site da Associa\u00e7\u00e3o Reabilitar (\u00a0<a href=\"https:\/\/www.reabilitar.org.br\/\">https:\/\/www.reabilitar.org.br\/<\/a>), institui\u00e7\u00e3o respons\u00e1vel pela administra\u00e7\u00e3o do Centro.<\/p>\n<p>&nbsp;<\/p>\n<p>Os interessados dever\u00e3o pagar a taxa de inscri\u00e7\u00e3o no valor de R$50,00. Ap\u00f3s o deferimento das inscri\u00e7\u00f5es, os participantes ser\u00e3o submetidos \u00e0 prova objetiva, que ser\u00e1 realizada no dia 6 de mar\u00e7o de 2022. A segunda etapa do Processo Seletivo n\u00ba 01\/2022 consiste na an\u00e1lise curricular e realiza\u00e7\u00e3o de entrevista.<\/p>\n<p>&nbsp;<\/p>\n<p>O pagamento da taxa de inscri\u00e7\u00e3o dever\u00e1 ser efetuado mediante transfer\u00eancia da conta do titular ou PIX (dever\u00e1 constar o nome do candidato na descri\u00e7\u00e3o do pix ou da transfer\u00eancia banc\u00e1ria) \u2013 Chave: ceir_nf@ceir.org.br para Conta do Banco do Brasil: Ag\u00eancia \u2013 4710-4 Conta Corrente \u2013 19184-1, em nome da Associa\u00e7\u00e3o Piauiense de Habilita\u00e7\u00e3o, Reabilita\u00e7\u00e3o e Readapta\u00e7\u00e3o \u2013 ASSOCIA\u00c7\u00c3O REABILITAR.<\/p>\n<p>&nbsp;<\/p>\n<p>Confira o edital <a href=\"https:\/\/www.reabilitar.org.br\/ceir\/wp-content\/uploads\/2022\/02\/Edital-de-Processo-Seletivo-01.2022.pdf\">aqui<\/a>.<\/p>\n","protected":false},"excerpt":{"rendered":"<p>Foram abertas nessa segunda-feira (7) as inscri\u00e7\u00f5es para o Processo Seletivo n\u00ba 01\/2022 para cadastro de reserva do Centro Integrado de Reabilita\u00e7\u00e3o (Ceir). Os interessados devem preecher o formul\u00e1rio de inscri\u00e7\u00e3o e enviar a documenta\u00e7\u00e3o at\u00e9 o dia 14 de fevereiro. &nbsp; O Processo Seletivo n\u00b0 01\/2022 inclui vagas para cadastro de reserva voltadas \u00e0s [&hellip;]<\/p>\n","protected":false},"author":2,"featured_media":12869,"comment_status":"open","ping_status":"open","sticky":false,"template":"","format":"standard","meta":[],"categories":[1,29,4],"tags":[235,21],"acf":[],"_links":{"self":[{"href":"https:\/\/www.reabilitar.org.br\/ceir\/wp-json\/wp\/v2\/posts\/12868"}],"collection":[{"href":"https:\/\/www.reabilitar.org.br\/ceir\/wp-json\/wp\/v2\/posts"}],"about":[{"href":"https:\/\/www.reabilitar.org.br\/ceir\/wp-json\/wp\/v2\/types\/post"}],"author":[{"embeddable":true,"href":"https:\/\/www.reabilitar.org.br\/ceir\/wp-json\/wp\/v2\/users\/2"}],"replies":[{"embeddable":true,"href":"https:\/\/www.reabilitar.org.br\/ceir\/wp-json\/wp\/v2\/comments?post=12868"}],"version-history":[{"count":5,"href":"https:\/\/www.reabilitar.org.br\/ceir\/wp-json\/wp\/v2\/posts\/12868\/revisions"}],"predecessor-version":[{"id":12874,"href":"https:\/\/www.reabilitar.org.br\/ceir\/wp-json\/wp\/v2\/posts\/12868\/revisions\/12874"}],"wp:featuredmedia":[{"embeddable":true,"href":"https:\/\/www.reabilitar.org.br\/ceir\/wp-json\/wp\/v2\/media\/12869"}],"wp:attachment":[{"href":"https:\/\/www.reabilitar.org.br\/ceir\/wp-json\/wp\/v2\/media?parent=12868"}],"wp:term":[{"taxonomy":"category","embeddable":true,"href":"https:\/\/www.reabilitar.org.br\/ceir\/wp-json\/wp\/v2\/categories?post=12868"},{"taxonomy":"post_tag","embeddable":true,"href":"https:\/\/www.reabilitar.org.br\/ceir\/wp-json\/wp\/v2\/tags?post=12868"}],"curies":[{"name":"wp","href":"https:\/\/api.w.org\/{rel}","templated":true}]}}