{"id":12934,"date":"2022-04-07T11:56:06","date_gmt":"2022-04-07T14:56:06","guid":{"rendered":"https:\/\/www.reabilitar.org.br\/ceir\/?p=12934"},"modified":"2022-04-07T11:56:06","modified_gmt":"2022-04-07T14:56:06","slug":"treinamento-motorista-executivo-multifuncoes-e-ministrado-para-profissionais-do-ceir","status":"publish","type":"post","link":"https:\/\/www.reabilitar.org.br\/ceir\/treinamento-motorista-executivo-multifuncoes-e-ministrado-para-profissionais-do-ceir\/","title":{"rendered":"Treinamento Motorista Executivo Multifun\u00e7\u00f5es \u00e9 ministrado para profissionais do Ceir"},"content":{"rendered":"<p>Visando capacitar os motoristas da sede e do Centro Integrado de Reabilita\u00e7\u00e3o (Ceir), a Associa\u00e7\u00e3o Reabilitar realizou um treinamento para os profissionais, no \u00faltimo s\u00e1bado (2), no audit\u00f3rio do Ceir. Tamb\u00e9m participaram do encontro motoristas que atuam no Sistema de Transporte Eletivo (STE).<\/p>\n<p>&nbsp;<\/p>\n<p>O Treinamento Motorista Executivo Multifun\u00e7\u00f5es teve dura\u00e7\u00e3o de oito horas, divididas em dois turnos,e foi conduzido pelo professor, tecn\u00f3logo em Gest\u00e3o da Produ\u00e7\u00e3o Industrial e gerente operacional do STE, Helton Nascimento. O objetivo foi introduzir nos profissionais as expectativas da Associa\u00e7\u00e3o Reabilitar quanto \u00e0 excel\u00eancia das atividades, buscando criar procedimentos, atribuir responsabilidades e melhorar os aspectos de controle e disponibilidade dos ve\u00edculos que atendem a Organiza\u00e7\u00e3o.<\/p>\n<p>&nbsp;<\/p>\n<p>Segundo Helton Nascimento, ser\u00e3o realizadas outras a\u00e7\u00f5es futuramente. &#8220;A inten\u00e7\u00e3o do setor de Desenvolvimento Humano \u00e9 realizar uma gama ampla de treinamentos que ir\u00e3o desde o b\u00e1sico das diversas fun\u00e7\u00f5es at\u00e9 capacita\u00e7\u00f5es focadas em aspectos comportamentais e operacionais. Foi uma verdadeira imers\u00e3o, abordando aspectos t\u00e9cnicos, operacionais, comportamentais e relacionamento interpessoal, tudo voltado \u00e0 forma\u00e7\u00e3o dos nossos motoristas&#8221;, frisa.<\/p>\n<p>&nbsp;<\/p>\n<p>O superintendente Administrativo-Financeiro da Associa\u00e7\u00e3o Reabilitar, Walter Oliveira, destaca que a institui\u00e7\u00e3o est\u00e1 focada em qualificar os colaboradores e contribuir para o crescimento profissional das equipes.<\/p>\n<p>&#8220;A\u00e7\u00f5es como essa s\u00e3o essenciais para o desenvolvimento m\u00fatuo de todos que comp\u00f5em a nossa Institui\u00e7\u00e3o. Essa \u00e9 uma segunda casa para n\u00f3s, \u00e9 justo que incentivemos nossos profissionais a crescerem cada vez mais, valorizando e motivando-os, proporcionando resultados cada vez melhores. Dessa forma, todos ganham, os profissionais, a institui\u00e7\u00e3o.<\/p>\n<p>&nbsp;<\/p>\n<p><a href=\"https:\/\/www.reabilitar.org.br\/ceir\/wp-content\/uploads\/2022\/04\/WhatsApp-Image-2022-04-05-at-16.45.56.jpeg\"><img loading=\"lazy\" class=\"size-medium wp-image-12936 aligncenter\" src=\"https:\/\/www.reabilitar.org.br\/ceir\/wp-content\/uploads\/2022\/04\/WhatsApp-Image-2022-04-05-at-16.45.56-300x225.jpeg\" alt=\"\" width=\"300\" height=\"225\" srcset=\"https:\/\/www.reabilitar.org.br\/ceir\/wp-content\/uploads\/2022\/04\/WhatsApp-Image-2022-04-05-at-16.45.56-300x225.jpeg 300w, https:\/\/www.reabilitar.org.br\/ceir\/wp-content\/uploads\/2022\/04\/WhatsApp-Image-2022-04-05-at-16.45.56-768x576.jpeg 768w, https:\/\/www.reabilitar.org.br\/ceir\/wp-content\/uploads\/2022\/04\/WhatsApp-Image-2022-04-05-at-16.45.56-1024x768.jpeg 1024w, https:\/\/www.reabilitar.org.br\/ceir\/wp-content\/uploads\/2022\/04\/WhatsApp-Image-2022-04-05-at-16.45.56.jpeg 1600w\" sizes=\"(max-width: 300px) 100vw, 300px\" \/><\/a><a href=\"https:\/\/www.reabilitar.org.br\/ceir\/wp-content\/uploads\/2022\/04\/WhatsApp-Image-2022-04-05-at-16.45.56-1.jpeg\"><img loading=\"lazy\" class=\"size-medium wp-image-12937 aligncenter\" src=\"https:\/\/www.reabilitar.org.br\/ceir\/wp-content\/uploads\/2022\/04\/WhatsApp-Image-2022-04-05-at-16.45.56-1-300x225.jpeg\" alt=\"\" width=\"300\" height=\"225\" srcset=\"https:\/\/www.reabilitar.org.br\/ceir\/wp-content\/uploads\/2022\/04\/WhatsApp-Image-2022-04-05-at-16.45.56-1-300x225.jpeg 300w, https:\/\/www.reabilitar.org.br\/ceir\/wp-content\/uploads\/2022\/04\/WhatsApp-Image-2022-04-05-at-16.45.56-1-768x576.jpeg 768w, https:\/\/www.reabilitar.org.br\/ceir\/wp-content\/uploads\/2022\/04\/WhatsApp-Image-2022-04-05-at-16.45.56-1-1024x768.jpeg 1024w, https:\/\/www.reabilitar.org.br\/ceir\/wp-content\/uploads\/2022\/04\/WhatsApp-Image-2022-04-05-at-16.45.56-1.jpeg 1600w\" sizes=\"(max-width: 300px) 100vw, 300px\" \/><\/a><\/p>\n","protected":false},"excerpt":{"rendered":"<p>Visando capacitar os motoristas da sede e do Centro Integrado de Reabilita\u00e7\u00e3o (Ceir), a Associa\u00e7\u00e3o Reabilitar realizou um treinamento para os profissionais, no \u00faltimo s\u00e1bado (2), no audit\u00f3rio do Ceir. Tamb\u00e9m participaram do encontro motoristas que atuam no Sistema de Transporte Eletivo (STE). &nbsp; O Treinamento Motorista Executivo Multifun\u00e7\u00f5es teve dura\u00e7\u00e3o de oito horas, divididas [&hellip;]<\/p>\n","protected":false},"author":2,"featured_media":12935,"comment_status":"open","ping_status":"open","sticky":false,"template":"","format":"standard","meta":[],"categories":[1,4],"tags":[235,285,284,279],"acf":[],"_links":{"self":[{"href":"https:\/\/www.reabilitar.org.br\/ceir\/wp-json\/wp\/v2\/posts\/12934"}],"collection":[{"href":"https:\/\/www.reabilitar.org.br\/ceir\/wp-json\/wp\/v2\/posts"}],"about":[{"href":"https:\/\/www.reabilitar.org.br\/ceir\/wp-json\/wp\/v2\/types\/post"}],"author":[{"embeddable":true,"href":"https:\/\/www.reabilitar.org.br\/ceir\/wp-json\/wp\/v2\/users\/2"}],"replies":[{"embeddable":true,"href":"https:\/\/www.reabilitar.org.br\/ceir\/wp-json\/wp\/v2\/comments?post=12934"}],"version-history":[{"count":1,"href":"https:\/\/www.reabilitar.org.br\/ceir\/wp-json\/wp\/v2\/posts\/12934\/revisions"}],"predecessor-version":[{"id":12938,"href":"https:\/\/www.reabilitar.org.br\/ceir\/wp-json\/wp\/v2\/posts\/12934\/revisions\/12938"}],"wp:featuredmedia":[{"embeddable":true,"href":"https:\/\/www.reabilitar.org.br\/ceir\/wp-json\/wp\/v2\/media\/12935"}],"wp:attachment":[{"href":"https:\/\/www.reabilitar.org.br\/ceir\/wp-json\/wp\/v2\/media?parent=12934"}],"wp:term":[{"taxonomy":"category","embeddable":true,"href":"https:\/\/www.reabilitar.org.br\/ceir\/wp-json\/wp\/v2\/categories?post=12934"},{"taxonomy":"post_tag","embeddable":true,"href":"https:\/\/www.reabilitar.org.br\/ceir\/wp-json\/wp\/v2\/tags?post=12934"}],"curies":[{"name":"wp","href":"https:\/\/api.w.org\/{rel}","templated":true}]}}