{"id":12983,"date":"2022-05-19T11:53:27","date_gmt":"2022-05-19T14:53:27","guid":{"rendered":"https:\/\/www.reabilitar.org.br\/ceir\/?p=12983"},"modified":"2022-05-19T11:53:47","modified_gmt":"2022-05-19T14:53:47","slug":"semana-da-enfermagem-do-ceir-realiza-palestra-sobre-primeiros-socorros","status":"publish","type":"post","link":"https:\/\/www.reabilitar.org.br\/ceir\/semana-da-enfermagem-do-ceir-realiza-palestra-sobre-primeiros-socorros\/","title":{"rendered":"Semana da Enfermagem do Ceir realiza palestra sobre primeiros socorros"},"content":{"rendered":"\n<p><\/p>\n\n\n\n<p>Com foco em orienta\u00e7\u00f5es aos colaboradores sobre primeiros socorros, a Associa\u00e7\u00e3o Reabilita\u00e7\u00e3o realizou, nesta quarta-feira (18), uma palestra sobre suporte b\u00e1sico de vida e engasgo, que aconteceu no audit\u00f3rio do Centro Integrado de Reabilita\u00e7\u00e3o (Ceir). A a\u00e7\u00e3o faz parte da programa\u00e7\u00e3o da Semana da Enfermagem do Ceir, que tem apoio do N\u00facleo de Seguran\u00e7a do Paciente do Ceir (NSP).<\/p>\n\n\n\n<p><\/p>\n\n\n\n<p>A palestra foi conduzida pelo enfermeiro do Servi\u00e7o de Atendimento M\u00e9dico de Urg\u00eancia (SAMU), Wallkyson Lima, com o apoio do Conselho Regional de Enfermagem do Piau\u00ed (Coren-PI). Durante a a\u00e7\u00e3o, os participantes foram ensinados, de forma pr\u00e1tica, como socorrer pessoas que est\u00e3o sendo v\u00edtimas de parada card\u00edaca ou engasgo.<\/p>\n\n\n\n<p><\/p>\n\n\n\n<p>A respons\u00e1vel t\u00e9cnica pela equipe de Enfermagem do Ceir, enfermeira Luciana Mousinho, explicou que a organiza\u00e7\u00e3o do evento focou em treinar as equipes do setor, mas tamb\u00e9m se preocupou em compartilhar com os colaboradores da Associa\u00e7\u00e3o Reabilitar algumas informa\u00e7\u00f5es que podem ajudar a salvar vidas.<\/p>\n\n\n\n<p><\/p>\n\n\n\n<p>&#8220;O aperfei\u00e7oamento \u00e9 uma busca cont\u00ednua na Reabilitar. Para este ano, preparamos a Semana da Enfermagem pensando tamb\u00e9m nas pessoas que n\u00e3o atuam na \u00e1rea e que, muitas vezes, precisam prestar primeiros socorros a outras, como \u00e9 o caso das v\u00edtimas de parada card\u00edaca e engasgo. Ficamos muito felizes por ver que os colaboradores aprenderam sobre os procedimentos e tiraram muitas d\u00favidas&#8221;, avalia Luciana Mousinho.<\/p>\n\n\n\n<p><\/p>\n\n\n\n<p>A Semana de Enfermagem do Ceir teve in\u00edcio na \u00faltima segunda-feira (16). Nesta sexta-feira (20), o encerramento das atividades contar\u00e1 com palestra sobre como realizar Eletrocardiograma (ECG) na pr\u00e1tica. As enfermeiras Luciana Mousinho e Tarcyana Sousa v\u00e3o conduzir os trabalhos, a partir das 14h, e a atividade ser\u00e1 restrita \u00e0 equipe de Enfermagem do Ceir.<\/p>\n","protected":false},"excerpt":{"rendered":"<p>Com foco em orienta\u00e7\u00f5es aos colaboradores sobre primeiros socorros, a Associa\u00e7\u00e3o Reabilita\u00e7\u00e3o realizou, nesta quarta-feira (18), uma palestra sobre suporte b\u00e1sico de vida e engasgo, que aconteceu no audit\u00f3rio do Centro Integrado de Reabilita\u00e7\u00e3o (Ceir). A a\u00e7\u00e3o faz parte da programa\u00e7\u00e3o da Semana da Enfermagem do Ceir, que tem apoio do N\u00facleo de Seguran\u00e7a do [&hellip;]<\/p>\n","protected":false},"author":2,"featured_media":12984,"comment_status":"open","ping_status":"open","sticky":true,"template":"","format":"standard","meta":[],"categories":[1,4],"tags":[235,291,284,292,290],"acf":[],"_links":{"self":[{"href":"https:\/\/www.reabilitar.org.br\/ceir\/wp-json\/wp\/v2\/posts\/12983"}],"collection":[{"href":"https:\/\/www.reabilitar.org.br\/ceir\/wp-json\/wp\/v2\/posts"}],"about":[{"href":"https:\/\/www.reabilitar.org.br\/ceir\/wp-json\/wp\/v2\/types\/post"}],"author":[{"embeddable":true,"href":"https:\/\/www.reabilitar.org.br\/ceir\/wp-json\/wp\/v2\/users\/2"}],"replies":[{"embeddable":true,"href":"https:\/\/www.reabilitar.org.br\/ceir\/wp-json\/wp\/v2\/comments?post=12983"}],"version-history":[{"count":2,"href":"https:\/\/www.reabilitar.org.br\/ceir\/wp-json\/wp\/v2\/posts\/12983\/revisions"}],"predecessor-version":[{"id":12986,"href":"https:\/\/www.reabilitar.org.br\/ceir\/wp-json\/wp\/v2\/posts\/12983\/revisions\/12986"}],"wp:featuredmedia":[{"embeddable":true,"href":"https:\/\/www.reabilitar.org.br\/ceir\/wp-json\/wp\/v2\/media\/12984"}],"wp:attachment":[{"href":"https:\/\/www.reabilitar.org.br\/ceir\/wp-json\/wp\/v2\/media?parent=12983"}],"wp:term":[{"taxonomy":"category","embeddable":true,"href":"https:\/\/www.reabilitar.org.br\/ceir\/wp-json\/wp\/v2\/categories?post=12983"},{"taxonomy":"post_tag","embeddable":true,"href":"https:\/\/www.reabilitar.org.br\/ceir\/wp-json\/wp\/v2\/tags?post=12983"}],"curies":[{"name":"wp","href":"https:\/\/api.w.org\/{rel}","templated":true}]}}