{"id":284,"date":"2016-04-05T08:00:39","date_gmt":"2016-04-05T11:00:39","guid":{"rendered":"https:\/\/www.reabilitar.org.br\/ceir\/?p=284"},"modified":"2022-11-01T14:22:35","modified_gmt":"2022-11-01T17:22:35","slug":"ambulatorio-de-espasticidade","status":"publish","type":"post","link":"https:\/\/www.reabilitar.org.br\/ceir\/ambulatorio-de-espasticidade\/","title":{"rendered":"Ambulat\u00f3rio de Espasticidade"},"content":{"rendered":"<hr \/>\n<p style=\"text-align: center;\"><em>O nosso Ambulat\u00f3rio de Espasticidade \u00e9 pioneiro no cuidado da pessoa com espasticidade no Piau\u00ed.<\/em><\/p>\n<hr \/>\n\n\t\t<style type=\"text\/css\">\n\t\t\t#gallery-1 {\n\t\t\t\tmargin: auto;\n\t\t\t}\n\t\t\t#gallery-1 .gallery-item {\n\t\t\t\tfloat: left;\n\t\t\t\tmargin-top: 10px;\n\t\t\t\ttext-align: center;\n\t\t\t\twidth: 33%;\n\t\t\t}\n\t\t\t#gallery-1 img {\n\t\t\t\tborder: 2px solid #cfcfcf;\n\t\t\t}\n\t\t\t#gallery-1 .gallery-caption {\n\t\t\t\tmargin-left: 0;\n\t\t\t}\n\t\t\t\/* see gallery_shortcode() in wp-includes\/media.php *\/\n\t\t<\/style>\n\t\t<div id='gallery-1' class='gallery galleryid-284 gallery-columns-3 gallery-size-medium'><dl class='gallery-item'>\n\t\t\t<dt class='gallery-icon landscape'>\n\t\t\t\t<a href='https:\/\/www.reabilitar.org.br\/ceir\/ambulatorio-de-espasticidade\/dsc_0846\/'><img width=\"300\" height=\"199\" src=\"https:\/\/www.reabilitar.org.br\/ceir\/wp-content\/uploads\/2016\/04\/DSC_0846-300x199.jpg\" class=\"attachment-medium size-medium\" alt=\"\" loading=\"lazy\" srcset=\"https:\/\/www.reabilitar.org.br\/ceir\/wp-content\/uploads\/2016\/04\/DSC_0846-300x199.jpg 300w, https:\/\/www.reabilitar.org.br\/ceir\/wp-content\/uploads\/2016\/04\/DSC_0846-768x511.jpg 768w, https:\/\/www.reabilitar.org.br\/ceir\/wp-content\/uploads\/2016\/04\/DSC_0846-1024x681.jpg 1024w\" sizes=\"(max-width: 300px) 100vw, 300px\" \/><\/a>\n\t\t\t<\/dt><\/dl><dl class='gallery-item'>\n\t\t\t<dt class='gallery-icon landscape'>\n\t\t\t\t<a href='https:\/\/www.reabilitar.org.br\/ceir\/ambulatorio-de-espasticidade\/1501828_874900549211639_3290729569751848455_n\/'><img width=\"300\" height=\"200\" src=\"https:\/\/www.reabilitar.org.br\/ceir\/wp-content\/uploads\/2016\/04\/1501828_874900549211639_3290729569751848455_n-300x200.jpg\" class=\"attachment-medium size-medium\" alt=\"\" loading=\"lazy\" srcset=\"https:\/\/www.reabilitar.org.br\/ceir\/wp-content\/uploads\/2016\/04\/1501828_874900549211639_3290729569751848455_n-300x200.jpg 300w, https:\/\/www.reabilitar.org.br\/ceir\/wp-content\/uploads\/2016\/04\/1501828_874900549211639_3290729569751848455_n-768x512.jpg 768w, https:\/\/www.reabilitar.org.br\/ceir\/wp-content\/uploads\/2016\/04\/1501828_874900549211639_3290729569751848455_n.jpg 960w\" sizes=\"(max-width: 300px) 100vw, 300px\" \/><\/a>\n\t\t\t<\/dt><\/dl><dl class='gallery-item'>\n\t\t\t<dt class='gallery-icon landscape'>\n\t\t\t\t<a href='https:\/\/www.reabilitar.org.br\/ceir\/ambulatorio-de-espasticidade\/9b290a7248_media\/'><img width=\"300\" height=\"200\" src=\"https:\/\/www.reabilitar.org.br\/ceir\/wp-content\/uploads\/2016\/04\/9b290a7248_media-300x200.jpg\" class=\"attachment-medium size-medium\" alt=\"\" loading=\"lazy\" srcset=\"https:\/\/www.reabilitar.org.br\/ceir\/wp-content\/uploads\/2016\/04\/9b290a7248_media-300x200.jpg 300w, https:\/\/www.reabilitar.org.br\/ceir\/wp-content\/uploads\/2016\/04\/9b290a7248_media.jpg 585w\" sizes=\"(max-width: 300px) 100vw, 300px\" \/><\/a>\n\t\t\t<\/dt><\/dl><br style=\"clear: both\" \/>\n\t\t<\/div>\n\n<hr \/>\n<p style=\"text-align: justify;\">A espasticidade \u00e9 uma doen\u00e7a pouco conhecida, mas presente em muitas pessoas com defici\u00eancia f\u00edsico-motora. Ela \u00e9 um dist\u00farbio neurol\u00f3gico progressivo que provoca deformidades nos m\u00fasculos dos membros e movimentos involunt\u00e1rios bruscos, comprometendo tanto a qualidade de vida, quanto o tratamento.<\/p>\n<p style=\"text-align: justify;\">Entre as doen\u00e7as que provocam o quadro, est\u00e3o: est\u00e3o les\u00e3o cerebral e medular, que ocorre em v\u00edtimas de acidentes de tr\u00e2nsito, por exemplo; acidente vascular cerebral (AVC), conhecido como derrame cerebral; paralisia cerebral; esclerose m\u00faltipla; entre outras.<\/p>\n<p style=\"text-align: justify;\">Por provocar tamb\u00e9m o endurecimento dos m\u00fasculos, a doen\u00e7a atrapalha no desenvolvimento de crian\u00e7as, na locomo\u00e7\u00e3o, na realiza\u00e7\u00e3o de atividades do dia a dia, como higieniza\u00e7\u00e3o e alimenta\u00e7\u00e3o, e, principalmente, na reabilita\u00e7\u00e3o.<\/p>\n<p style=\"text-align: justify;\">\u00c9 diante disso que mantemos um Ambulat\u00f3rio de Espasticidade com atendimentos especializados a pessoas com defici\u00eancia que sofrem com esse dist\u00farbio neurol\u00f3gico progressivo, realizando aplica\u00e7\u00f5es de toxinas botul\u00ednicas (conhecida como botox), orienta\u00e7\u00f5es para o tratamento e, em casos especiais, encaminhamentos para procedimentos cir\u00fargicos, atrav\u00e9s do Sistema \u00danico de Sa\u00fade (SUS).<\/p>\n<p style=\"text-align: justify;\">O local j\u00e1 atendeu mais de 860 pessoas e 544 delas foram submetidas a aplica\u00e7\u00e3o de toxina botul\u00ednica. O procedimento, que \u00e9 realizado dentro do per\u00edodo de tr\u00eas a quatro meses, permite o relaxamento da musculatura do paciente e com a sua aplica\u00e7\u00e3o, ele consegue realizar tarefas que antes n\u00e3o conseguia. Al\u00e9m disso, a toxina n\u00e3o tem efeitos colaterais sensoriais e cognitivos e \u00e9 menos invasiva que cirurgias.<\/p>\n<p style=\"text-align: justify;\">Para ter acesso ao nosso Ambulat\u00f3rio de Espasticidade, caso n\u00e3o seja paciente do nosso Centro, \u00e9 necess\u00e1rio que procure a Unidade de Sa\u00fade mais pr\u00f3xima de sua resid\u00eancia, fa\u00e7a uma consulta com um m\u00e9dico do Programa de Sa\u00fade da Fam\u00edlia ou credenciado pelo SUS e solicite o preenchimento da guia de marca\u00e7\u00e3o de consultas do SUS. No setor de marca\u00e7\u00e3o de consultas online do SUS no Posto de Sa\u00fade do seu bairro ou Secretaria de Sa\u00fade do seu munic\u00edpio, marque a triagem para a reabilita\u00e7\u00e3o f\u00edsico-motora em nosso Centro.\u00a0Havendo vagas, o sistema ir\u00e1 informar o dia e hor\u00e1rio da sua consulta.<\/p>\n<hr \/>\n<p style=\"text-align: right;\"><strong><span style=\"color: #ff0000;\">+ <a style=\"color: #ff0000;\" href=\"https:\/\/www.reabilitar.org.br\/ceir\/tag\/ambulatorio-de-espasticidade\/\" target=\"_blank\" rel=\"noopener\">Not\u00edcias<\/a><\/span><\/strong><\/p>\n<hr \/>\n<p style=\"text-align: center;\"><span style=\"color: #0000ff;\"><b>Para mais informa\u00e7\u00f5es e esclarecimentos:<\/b><\/span><\/p>\n<p style=\"text-align: center;\"><span style=\"color: #0000ff;\"><b>(86) 3198-1500 ou <b>ceir@ceir.org.br<\/b><\/b><\/span><\/p>\n<hr \/>\n<p style=\"text-align: center;\">Estamos localizados na Avenida Higino Cunha, N\u00ba 1515, no Bairro Ilhotas, em Teresina \u2013 Piau\u00ed.<\/p>\n<hr \/>\n<h6><span style=\"color: #808080;\">\u00a0Texto: Cl\u00e1udia Alves\u00a0\u2013 Comunica\u00e7\u00e3o\u00a0Ceir<\/span><\/h6>\n<hr \/>\n","protected":false},"excerpt":{"rendered":"<p>O nosso Ambulat\u00f3rio de Espasticidade \u00e9 pioneiro no cuidado da pessoa com espasticidade no Piau\u00ed. A espasticidade \u00e9 uma doen\u00e7a pouco conhecida, mas presente em muitas pessoas com defici\u00eancia f\u00edsico-motora. Ela \u00e9 um dist\u00farbio neurol\u00f3gico progressivo que provoca deformidades nos m\u00fasculos dos membros e movimentos involunt\u00e1rios bruscos, comprometendo tanto a qualidade de vida, quanto o [&hellip;]<\/p>\n","protected":false},"author":2,"featured_media":13103,"comment_status":"open","ping_status":"open","sticky":false,"template":"","format":"standard","meta":[],"categories":[2],"tags":[100],"acf":[],"_links":{"self":[{"href":"https:\/\/www.reabilitar.org.br\/ceir\/wp-json\/wp\/v2\/posts\/284"}],"collection":[{"href":"https:\/\/www.reabilitar.org.br\/ceir\/wp-json\/wp\/v2\/posts"}],"about":[{"href":"https:\/\/www.reabilitar.org.br\/ceir\/wp-json\/wp\/v2\/types\/post"}],"author":[{"embeddable":true,"href":"https:\/\/www.reabilitar.org.br\/ceir\/wp-json\/wp\/v2\/users\/2"}],"replies":[{"embeddable":true,"href":"https:\/\/www.reabilitar.org.br\/ceir\/wp-json\/wp\/v2\/comments?post=284"}],"version-history":[{"count":14,"href":"https:\/\/www.reabilitar.org.br\/ceir\/wp-json\/wp\/v2\/posts\/284\/revisions"}],"predecessor-version":[{"id":13104,"href":"https:\/\/www.reabilitar.org.br\/ceir\/wp-json\/wp\/v2\/posts\/284\/revisions\/13104"}],"wp:featuredmedia":[{"embeddable":true,"href":"https:\/\/www.reabilitar.org.br\/ceir\/wp-json\/wp\/v2\/media\/13103"}],"wp:attachment":[{"href":"https:\/\/www.reabilitar.org.br\/ceir\/wp-json\/wp\/v2\/media?parent=284"}],"wp:term":[{"taxonomy":"category","embeddable":true,"href":"https:\/\/www.reabilitar.org.br\/ceir\/wp-json\/wp\/v2\/categories?post=284"},{"taxonomy":"post_tag","embeddable":true,"href":"https:\/\/www.reabilitar.org.br\/ceir\/wp-json\/wp\/v2\/tags?post=284"}],"curies":[{"name":"wp","href":"https:\/\/api.w.org\/{rel}","templated":true}]}}