{"id":295,"date":"2016-04-05T09:00:25","date_gmt":"2016-04-05T12:00:25","guid":{"rendered":"https:\/\/www.reabilitar.org.br\/ceir\/?p=295"},"modified":"2022-10-31T15:32:58","modified_gmt":"2022-10-31T18:32:58","slug":"oficina-ortopedica","status":"publish","type":"post","link":"https:\/\/www.reabilitar.org.br\/ceir\/oficina-ortopedica\/","title":{"rendered":"Oficina Ortop\u00e9dica"},"content":{"rendered":"<hr \/>\n<p style=\"text-align: center;\"><em>Realizamos sonhos em moldes personalizados<\/em><\/p>\n<hr \/>\n\n\t\t<style type=\"text\/css\">\n\t\t\t#gallery-1 {\n\t\t\t\tmargin: auto;\n\t\t\t}\n\t\t\t#gallery-1 .gallery-item {\n\t\t\t\tfloat: left;\n\t\t\t\tmargin-top: 10px;\n\t\t\t\ttext-align: center;\n\t\t\t\twidth: 20%;\n\t\t\t}\n\t\t\t#gallery-1 img {\n\t\t\t\tborder: 2px solid #cfcfcf;\n\t\t\t}\n\t\t\t#gallery-1 .gallery-caption {\n\t\t\t\tmargin-left: 0;\n\t\t\t}\n\t\t\t\/* see gallery_shortcode() in wp-includes\/media.php *\/\n\t\t<\/style>\n\t\t<div id='gallery-1' class='gallery galleryid-295 gallery-columns-5 gallery-size-thumbnail'><dl class='gallery-item'>\n\t\t\t<dt class='gallery-icon landscape'>\n\t\t\t\t<a href='https:\/\/www.reabilitar.org.br\/ceir\/oficina-ortopedica\/oficina-10\/'><img width=\"150\" height=\"150\" src=\"https:\/\/www.reabilitar.org.br\/ceir\/wp-content\/uploads\/2016\/04\/oficina-10-150x150.jpg\" class=\"attachment-thumbnail size-thumbnail\" alt=\"\" loading=\"lazy\" \/><\/a>\n\t\t\t<\/dt><\/dl><dl class='gallery-item'>\n\t\t\t<dt class='gallery-icon landscape'>\n\t\t\t\t<a href='https:\/\/www.reabilitar.org.br\/ceir\/oficina-ortopedica\/oficina-3\/'><img width=\"150\" height=\"150\" src=\"https:\/\/www.reabilitar.org.br\/ceir\/wp-content\/uploads\/2016\/04\/oficina-3-150x150.jpg\" class=\"attachment-thumbnail size-thumbnail\" alt=\"\" loading=\"lazy\" \/><\/a>\n\t\t\t<\/dt><\/dl><dl class='gallery-item'>\n\t\t\t<dt class='gallery-icon landscape'>\n\t\t\t\t<a href='https:\/\/www.reabilitar.org.br\/ceir\/oficina-ortopedica\/oficina-4\/'><img width=\"150\" height=\"150\" src=\"https:\/\/www.reabilitar.org.br\/ceir\/wp-content\/uploads\/2016\/04\/oficina-4-150x150.jpg\" class=\"attachment-thumbnail size-thumbnail\" alt=\"\" loading=\"lazy\" \/><\/a>\n\t\t\t<\/dt><\/dl><dl class='gallery-item'>\n\t\t\t<dt class='gallery-icon landscape'>\n\t\t\t\t<a href='https:\/\/www.reabilitar.org.br\/ceir\/oficina-ortopedica\/oficina-5\/'><img width=\"150\" height=\"150\" src=\"https:\/\/www.reabilitar.org.br\/ceir\/wp-content\/uploads\/2016\/04\/oficina-5-150x150.jpg\" class=\"attachment-thumbnail size-thumbnail\" alt=\"\" loading=\"lazy\" \/><\/a>\n\t\t\t<\/dt><\/dl><dl class='gallery-item'>\n\t\t\t<dt class='gallery-icon landscape'>\n\t\t\t\t<a href='https:\/\/www.reabilitar.org.br\/ceir\/oficina-ortopedica\/oficina-6\/'><img width=\"150\" height=\"150\" src=\"https:\/\/www.reabilitar.org.br\/ceir\/wp-content\/uploads\/2016\/04\/oficina-6-150x150.jpg\" class=\"attachment-thumbnail size-thumbnail\" alt=\"\" loading=\"lazy\" \/><\/a>\n\t\t\t<\/dt><\/dl><br style=\"clear: both\" \/><dl class='gallery-item'>\n\t\t\t<dt class='gallery-icon landscape'>\n\t\t\t\t<a href='https:\/\/www.reabilitar.org.br\/ceir\/oficina-ortopedica\/oficina-7\/'><img width=\"150\" height=\"150\" src=\"https:\/\/www.reabilitar.org.br\/ceir\/wp-content\/uploads\/2016\/04\/oficina-7-150x150.jpg\" class=\"attachment-thumbnail size-thumbnail\" alt=\"\" loading=\"lazy\" \/><\/a>\n\t\t\t<\/dt><\/dl><dl class='gallery-item'>\n\t\t\t<dt class='gallery-icon landscape'>\n\t\t\t\t<a href='https:\/\/www.reabilitar.org.br\/ceir\/oficina-ortopedica\/oficina-11\/'><img width=\"150\" height=\"150\" src=\"https:\/\/www.reabilitar.org.br\/ceir\/wp-content\/uploads\/2016\/04\/oficina-11-150x150.jpg\" class=\"attachment-thumbnail size-thumbnail\" alt=\"\" loading=\"lazy\" \/><\/a>\n\t\t\t<\/dt><\/dl><dl class='gallery-item'>\n\t\t\t<dt class='gallery-icon landscape'>\n\t\t\t\t<a href='https:\/\/www.reabilitar.org.br\/ceir\/oficina-ortopedica\/oficina-9\/'><img width=\"150\" height=\"150\" src=\"https:\/\/www.reabilitar.org.br\/ceir\/wp-content\/uploads\/2016\/04\/oficina-9-150x150.jpg\" class=\"attachment-thumbnail size-thumbnail\" alt=\"\" loading=\"lazy\" \/><\/a>\n\t\t\t<\/dt><\/dl>\n\t\t\t<br style='clear: both' \/>\n\t\t<\/div>\n\n<hr \/>\n<p style=\"text-align: justify;\">Nascemos de um sonho e desde ent\u00e3o tamb\u00e9m fazemos parte dos sonhos de milhares de pessoas com defici\u00eancia que passam por nosso Centro e ajudamos a realiz\u00e1-los.<\/p>\n<p style=\"text-align: justify;\">Em nossa Oficina Ortop\u00e9dica funciona um parque industrial que \u00e9 modelo em fabrica\u00e7\u00e3o de produtos ortop\u00e9dicos para todo o pa\u00eds. \u00c9 daqui que saem aparelhos que devolvem autonomia para muitas pessoas com defici\u00eancia, do Piau\u00ed e de outros estados.<\/p>\n<p style=\"text-align: justify;\">Confeccionamos, sob medida e de forma personalizada, produtos ortop\u00e9dicos como \u00f3rteses e pr\u00f3teses; palmilhas, sapatos e botas; colete e colar cervical; e adapta\u00e7\u00f5es que auxiliam pessoas com defici\u00eancia em atividades da vida di\u00e1ria, como alimenta\u00e7\u00e3o, escrita, uso de um computador, higiene bucal, penteio do cabelo, entre outras.<\/p>\n<p style=\"text-align: justify;\">Os produtos s\u00e3o confeccionados conforme a necessidade de cada pessoa, com moldes espec\u00edficos e personalizados, produzidos com equipamentos de alta tecnologia e \u00faltima gera\u00e7\u00e3o, proporcionando melhores condi\u00e7\u00f5es de uso, maior independ\u00eancia e conforto.<\/p>\n<p style=\"text-align: justify;\">Al\u00e9m disso, somos respons\u00e1veis pela concess\u00e3o de muletas, bengalas e andadores; cadeiras de rodas manuais, motorizadas e de banho, adaptadas para o paciente. E realizamos treinamentos para usu\u00e1rios e familiares sobre o manuseio e manuten\u00e7\u00e3o de cadeiras motorizadas.<\/p>\n<p style=\"text-align: justify;\">A nossa Oficina Ortop\u00e9dica atende pelo Sistema \u00danico de Sa\u00fade (SUS) e particular.<\/p>\n<hr \/>\n<p style=\"text-align: justify;\"><span style=\"color: #008000;\"><b>Portf\u00f3lio de Produtos<\/b><\/span><\/p>\n<hr \/>\n\n\t\t<style type=\"text\/css\">\n\t\t\t#gallery-2 {\n\t\t\t\tmargin: auto;\n\t\t\t}\n\t\t\t#gallery-2 .gallery-item {\n\t\t\t\tfloat: left;\n\t\t\t\tmargin-top: 10px;\n\t\t\t\ttext-align: center;\n\t\t\t\twidth: 33%;\n\t\t\t}\n\t\t\t#gallery-2 img {\n\t\t\t\tborder: 2px solid #cfcfcf;\n\t\t\t}\n\t\t\t#gallery-2 .gallery-caption {\n\t\t\t\tmargin-left: 0;\n\t\t\t}\n\t\t\t\/* see gallery_shortcode() in wp-includes\/media.php *\/\n\t\t<\/style>\n\t\t<div id='gallery-2' class='gallery galleryid-295 gallery-columns-3 gallery-size-thumbnail'><dl class='gallery-item'>\n\t\t\t<dt class='gallery-icon landscape'>\n\t\t\t\t<a href='https:\/\/www.reabilitar.org.br\/ceir\/wp-content\/uploads\/2016\/04\/oficinaortopedica.jpg'><img width=\"150\" height=\"150\" src=\"https:\/\/www.reabilitar.org.br\/ceir\/wp-content\/uploads\/2016\/04\/oficinaortopedica-150x150.jpg\" class=\"attachment-thumbnail size-thumbnail\" alt=\"\" loading=\"lazy\" aria-describedby=\"gallery-2-483\" \/><\/a>\n\t\t\t<\/dt>\n\t\t\t\t<dd class='wp-caption-text gallery-caption' id='gallery-2-483'>\n\t\t\t\tProdutos\n\t\t\t\t<\/dd><\/dl><dl class='gallery-item'>\n\t\t\t<dt class='gallery-icon portrait'>\n\t\t\t\t<a href='https:\/\/www.reabilitar.org.br\/ceir\/wp-content\/uploads\/2016\/04\/Produtos-Ortop\u00e9dicos-7.jpg'><img width=\"150\" height=\"150\" src=\"https:\/\/www.reabilitar.org.br\/ceir\/wp-content\/uploads\/2016\/04\/Produtos-Ortop\u00e9dicos-7-150x150.jpg\" class=\"attachment-thumbnail size-thumbnail\" alt=\"\" loading=\"lazy\" aria-describedby=\"gallery-2-469\" \/><\/a>\n\t\t\t<\/dt>\n\t\t\t\t<dd class='wp-caption-text gallery-caption' id='gallery-2-469'>\n\t\t\t\tColete\n\t\t\t\t<\/dd><\/dl><dl class='gallery-item'>\n\t\t\t<dt class='gallery-icon landscape'>\n\t\t\t\t<a href='https:\/\/www.reabilitar.org.br\/ceir\/wp-content\/uploads\/2016\/04\/Produtos-Ortop\u00e9dicos-17.jpg'><img width=\"150\" height=\"150\" src=\"https:\/\/www.reabilitar.org.br\/ceir\/wp-content\/uploads\/2016\/04\/Produtos-Ortop\u00e9dicos-17-150x150.jpg\" class=\"attachment-thumbnail size-thumbnail\" alt=\"\" loading=\"lazy\" aria-describedby=\"gallery-2-470\" \/><\/a>\n\t\t\t<\/dt>\n\t\t\t\t<dd class='wp-caption-text gallery-caption' id='gallery-2-470'>\n\t\t\t\tColar Cervical\n\t\t\t\t<\/dd><\/dl><br style=\"clear: both\" \/><dl class='gallery-item'>\n\t\t\t<dt class='gallery-icon portrait'>\n\t\t\t\t<a href='https:\/\/www.reabilitar.org.br\/ceir\/wp-content\/uploads\/2016\/04\/Produtos-Ortop\u00e9dicos-47.jpg'><img width=\"150\" height=\"150\" src=\"https:\/\/www.reabilitar.org.br\/ceir\/wp-content\/uploads\/2016\/04\/Produtos-Ortop\u00e9dicos-47-150x150.jpg\" class=\"attachment-thumbnail size-thumbnail\" alt=\"\" loading=\"lazy\" aria-describedby=\"gallery-2-471\" \/><\/a>\n\t\t\t<\/dt>\n\t\t\t\t<dd class='wp-caption-text gallery-caption' id='gallery-2-471'>\n\t\t\t\tPr\u00f3tese\n\t\t\t\t<\/dd><\/dl><dl class='gallery-item'>\n\t\t\t<dt class='gallery-icon portrait'>\n\t\t\t\t<a href='https:\/\/www.reabilitar.org.br\/ceir\/wp-content\/uploads\/2016\/04\/Produtos-Ortop\u00e9dicos-53.jpg'><img width=\"150\" height=\"150\" src=\"https:\/\/www.reabilitar.org.br\/ceir\/wp-content\/uploads\/2016\/04\/Produtos-Ortop\u00e9dicos-53-150x150.jpg\" class=\"attachment-thumbnail size-thumbnail\" alt=\"\" loading=\"lazy\" aria-describedby=\"gallery-2-472\" \/><\/a>\n\t\t\t<\/dt>\n\t\t\t\t<dd class='wp-caption-text gallery-caption' id='gallery-2-472'>\n\t\t\t\tPr\u00f3tese\n\t\t\t\t<\/dd><\/dl><dl class='gallery-item'>\n\t\t\t<dt class='gallery-icon portrait'>\n\t\t\t\t<a href='https:\/\/www.reabilitar.org.br\/ceir\/wp-content\/uploads\/2016\/04\/Produtos-Ortop\u00e9dicos-57.jpg'><img width=\"150\" height=\"150\" src=\"https:\/\/www.reabilitar.org.br\/ceir\/wp-content\/uploads\/2016\/04\/Produtos-Ortop\u00e9dicos-57-150x150.jpg\" class=\"attachment-thumbnail size-thumbnail\" alt=\"\" loading=\"lazy\" aria-describedby=\"gallery-2-473\" \/><\/a>\n\t\t\t<\/dt>\n\t\t\t\t<dd class='wp-caption-text gallery-caption' id='gallery-2-473'>\n\t\t\t\t\u00d3rtese\n\t\t\t\t<\/dd><\/dl><br style=\"clear: both\" \/><dl class='gallery-item'>\n\t\t\t<dt class='gallery-icon portrait'>\n\t\t\t\t<a href='https:\/\/www.reabilitar.org.br\/ceir\/wp-content\/uploads\/2016\/04\/Produtos-Ortop\u00e9dicos-63.jpg'><img width=\"150\" height=\"150\" src=\"https:\/\/www.reabilitar.org.br\/ceir\/wp-content\/uploads\/2016\/04\/Produtos-Ortop\u00e9dicos-63-150x150.jpg\" class=\"attachment-thumbnail size-thumbnail\" alt=\"\" loading=\"lazy\" aria-describedby=\"gallery-2-474\" \/><\/a>\n\t\t\t<\/dt>\n\t\t\t\t<dd class='wp-caption-text gallery-caption' id='gallery-2-474'>\n\t\t\t\t\u00d3rtese\n\t\t\t\t<\/dd><\/dl><dl class='gallery-item'>\n\t\t\t<dt class='gallery-icon portrait'>\n\t\t\t\t<a href='https:\/\/www.reabilitar.org.br\/ceir\/wp-content\/uploads\/2016\/04\/Produtos-Ortop\u00e9dicos-86.jpg'><img width=\"150\" height=\"150\" src=\"https:\/\/www.reabilitar.org.br\/ceir\/wp-content\/uploads\/2016\/04\/Produtos-Ortop\u00e9dicos-86-150x150.jpg\" class=\"attachment-thumbnail size-thumbnail\" alt=\"\" loading=\"lazy\" aria-describedby=\"gallery-2-475\" \/><\/a>\n\t\t\t<\/dt>\n\t\t\t\t<dd class='wp-caption-text gallery-caption' id='gallery-2-475'>\n\t\t\t\tMuletas e Bengalas \n\t\t\t\t<\/dd><\/dl><dl class='gallery-item'>\n\t\t\t<dt class='gallery-icon landscape'>\n\t\t\t\t<a href='https:\/\/www.reabilitar.org.br\/ceir\/wp-content\/uploads\/2016\/04\/Produtos-Ortop\u00e9dicos-102.jpg'><img width=\"150\" height=\"150\" src=\"https:\/\/www.reabilitar.org.br\/ceir\/wp-content\/uploads\/2016\/04\/Produtos-Ortop\u00e9dicos-102-150x150.jpg\" class=\"attachment-thumbnail size-thumbnail\" alt=\"\" loading=\"lazy\" aria-describedby=\"gallery-2-476\" \/><\/a>\n\t\t\t<\/dt>\n\t\t\t\t<dd class='wp-caption-text gallery-caption' id='gallery-2-476'>\n\t\t\t\tPalmilha \n\t\t\t\t<\/dd><\/dl><br style=\"clear: both\" \/><dl class='gallery-item'>\n\t\t\t<dt class='gallery-icon landscape'>\n\t\t\t\t<a href='https:\/\/www.reabilitar.org.br\/ceir\/wp-content\/uploads\/2016\/04\/IMG_1483.jpg'><img width=\"150\" height=\"150\" src=\"https:\/\/www.reabilitar.org.br\/ceir\/wp-content\/uploads\/2016\/04\/IMG_1483-150x150.jpg\" class=\"attachment-thumbnail size-thumbnail\" alt=\"\" loading=\"lazy\" aria-describedby=\"gallery-2-477\" \/><\/a>\n\t\t\t<\/dt>\n\t\t\t\t<dd class='wp-caption-text gallery-caption' id='gallery-2-477'>\n\t\t\t\tAdapta\u00e7\u00e3o\n\t\t\t\t<\/dd><\/dl><dl class='gallery-item'>\n\t\t\t<dt class='gallery-icon landscape'>\n\t\t\t\t<a href='https:\/\/www.reabilitar.org.br\/ceir\/wp-content\/uploads\/2016\/04\/IMG_1750.jpg'><img width=\"150\" height=\"150\" src=\"https:\/\/www.reabilitar.org.br\/ceir\/wp-content\/uploads\/2016\/04\/IMG_1750-150x150.jpg\" class=\"attachment-thumbnail size-thumbnail\" alt=\"\" loading=\"lazy\" aria-describedby=\"gallery-2-478\" \/><\/a>\n\t\t\t<\/dt>\n\t\t\t\t<dd class='wp-caption-text gallery-caption' id='gallery-2-478'>\n\t\t\t\tAdapta\u00e7\u00e3o\n\t\t\t\t<\/dd><\/dl><dl class='gallery-item'>\n\t\t\t<dt class='gallery-icon landscape'>\n\t\t\t\t<a href='https:\/\/www.reabilitar.org.br\/ceir\/wp-content\/uploads\/2016\/04\/IMG_1758.jpg'><img width=\"150\" height=\"150\" src=\"https:\/\/www.reabilitar.org.br\/ceir\/wp-content\/uploads\/2016\/04\/IMG_1758-150x150.jpg\" class=\"attachment-thumbnail size-thumbnail\" alt=\"\" loading=\"lazy\" aria-describedby=\"gallery-2-479\" \/><\/a>\n\t\t\t<\/dt>\n\t\t\t\t<dd class='wp-caption-text gallery-caption' id='gallery-2-479'>\n\t\t\t\tAdapta\u00e7\u00e3o\n\t\t\t\t<\/dd><\/dl><br style=\"clear: both\" \/><dl class='gallery-item'>\n\t\t\t<dt class='gallery-icon landscape'>\n\t\t\t\t<a href='https:\/\/www.reabilitar.org.br\/ceir\/wp-content\/uploads\/2016\/04\/IMG_1762.jpg'><img width=\"150\" height=\"150\" src=\"https:\/\/www.reabilitar.org.br\/ceir\/wp-content\/uploads\/2016\/04\/IMG_1762-150x150.jpg\" class=\"attachment-thumbnail size-thumbnail\" alt=\"\" loading=\"lazy\" aria-describedby=\"gallery-2-480\" \/><\/a>\n\t\t\t<\/dt>\n\t\t\t\t<dd class='wp-caption-text gallery-caption' id='gallery-2-480'>\n\t\t\t\tAdapta\u00e7\u00e3o\n\t\t\t\t<\/dd><\/dl><dl class='gallery-item'>\n\t\t\t<dt class='gallery-icon landscape'>\n\t\t\t\t<a href='https:\/\/www.reabilitar.org.br\/ceir\/wp-content\/uploads\/2016\/04\/IMG_1766.jpg'><img width=\"150\" height=\"150\" src=\"https:\/\/www.reabilitar.org.br\/ceir\/wp-content\/uploads\/2016\/04\/IMG_1766-150x150.jpg\" class=\"attachment-thumbnail size-thumbnail\" alt=\"\" loading=\"lazy\" aria-describedby=\"gallery-2-481\" \/><\/a>\n\t\t\t<\/dt>\n\t\t\t\t<dd class='wp-caption-text gallery-caption' id='gallery-2-481'>\n\t\t\t\tAdapta\u00e7\u00e3o\n\t\t\t\t<\/dd><\/dl><dl class='gallery-item'>\n\t\t\t<dt class='gallery-icon landscape'>\n\t\t\t\t<a href='https:\/\/www.reabilitar.org.br\/ceir\/wp-content\/uploads\/2016\/04\/IMG_1769.jpg'><img width=\"150\" height=\"150\" src=\"https:\/\/www.reabilitar.org.br\/ceir\/wp-content\/uploads\/2016\/04\/IMG_1769-150x150.jpg\" class=\"attachment-thumbnail size-thumbnail\" alt=\"\" loading=\"lazy\" aria-describedby=\"gallery-2-482\" \/><\/a>\n\t\t\t<\/dt>\n\t\t\t\t<dd class='wp-caption-text gallery-caption' id='gallery-2-482'>\n\t\t\t\tAdapta\u00e7\u00e3o\n\t\t\t\t<\/dd><\/dl><br style=\"clear: both\" \/>\n\t\t<\/div>\n\n<hr \/>\n<p style=\"text-align: justify;\"><span style=\"color: #008000;\"><b>Saib<\/b><b>a<\/b><b> como\u00a0<\/b><b>solicitar <\/b><b>produtos em nossa<\/b><b>\u00a0Oficina Ortop\u00e9dica:<\/b><\/span><\/p>\n<hr \/>\n<p style=\"text-align: justify;\"><b>1\u00ba Passo<\/b>\u00a0&#8211;\u00a0Procure a Unidade de Sa\u00fade mais pr\u00f3xima de sua resid\u00eancia e fa\u00e7a uma consulta com um m\u00e9dico do Programa de Sa\u00fade da Fam\u00edlia ou credenciado pelo Sistema \u00danico de Sa\u00fade (SUS). Havendo indica\u00e7\u00e3o para produtos ortop\u00e9dicos, ele vai prescrever, em formul\u00e1rio do SUS, o tipo de equipamento necess\u00e1rio (\u00f3rtese, pr\u00f3tese, cadeira de rodas ou outros meios auxiliares de locomo\u00e7\u00e3o).<\/p>\n<p style=\"text-align: justify;\"><b>2\u00ba Passo<\/b>\u00a0&#8211;\u00a0\u00a0Anexe \u00e0 solicita\u00e7\u00e3o do m\u00e9dico c\u00f3pia dos seguintes documentos:<\/p>\n<p style=\"text-align: justify;\">a) \u00a0 \u00a0 \u00a0CPF e RG<\/p>\n<p style=\"text-align: justify;\">b) \u00a0 \u00a0 \u00a0Cart\u00e3o do SUS (Cart\u00e3o Nacional de Sa\u00fade)<\/p>\n<p style=\"text-align: justify;\">c) \u00a0 \u00a0 \u00a0Comprovante de Resid\u00eancia com CEP<\/p>\n<p style=\"text-align: justify;\">e) \u00a0 \u00a0 \u00a0Informe pelo menos um n\u00famero de telefone para contato<\/p>\n<p style=\"text-align: justify;\"><b>3\u00ba Passo<\/b> &#8211;\u00a0Entregue toda a documenta\u00e7\u00e3o na Secretaria de Sa\u00fade do seu munic\u00edpio, ou, no caso de Teresina, na Central do SUS, e aguarde o nosso contato.<\/p>\n<hr \/>\n<p style=\"text-align: justify;\"><span style=\"color: #008000;\"><strong><a style=\"color: #008000;\" href=\"https:\/\/www.reabilitar.org.br\/ceir\/normas-do-ministerio-da-saude-para-prescricao-de-cadeiras-motorizadas\/\" target=\"_blank\" rel=\"noopener\">Confira as normas do Minist\u00e9rio da Sa\u00fade para prescri\u00e7\u00e3o de cadeiras motorizadas<\/a><\/strong><\/span><\/p>\n<hr \/>\n<p style=\"text-align: right;\"><span style=\"color: #ff0000;\"><strong>+ <a style=\"color: #ff0000;\" href=\"https:\/\/www.reabilitar.org.br\/ceir\/tag\/oficina-ortopedica\/\" target=\"_blank\" rel=\"noopener\">Not\u00edcias<\/a><\/strong><\/span><\/p>\n<hr \/>\n<p style=\"text-align: center;\"><span style=\"color: #0000ff;\"><b>Para mais informa\u00e7\u00f5es e esclarecimentos:<\/b><\/span><\/p>\n<p style=\"text-align: center;\"><span style=\"color: #0000ff;\"><b>(86) 3198-1500 ou <b>ceir@ceir.org.br<\/b><\/b><\/span><\/p>\n<hr \/>\n<p style=\"text-align: center;\">Estamos localizados na Avenida Higino Cunha, N\u00ba 1515, no Bairro Ilhotas, em Teresina \u2013 Piau\u00ed.<\/p>\n<hr \/>\n<h6><span style=\"color: #808080;\">\u00a0Texto: Cl\u00e1udia Alves\u00a0\u2013 Comunica\u00e7\u00e3o\u00a0Ceir<\/span><\/h6>\n<hr \/>\n","protected":false},"excerpt":{"rendered":"<p>Realizamos sonhos em moldes personalizados Nascemos de um sonho e desde ent\u00e3o tamb\u00e9m fazemos parte dos sonhos de milhares de pessoas com defici\u00eancia que passam por nosso Centro e ajudamos a realiz\u00e1-los. Em nossa Oficina Ortop\u00e9dica funciona um parque industrial que \u00e9 modelo em fabrica\u00e7\u00e3o de produtos ortop\u00e9dicos para todo o pa\u00eds. \u00c9 daqui que [&hellip;]<\/p>\n","protected":false},"author":2,"featured_media":13100,"comment_status":"open","ping_status":"open","sticky":false,"template":"","format":"standard","meta":[],"categories":[2],"tags":[37],"acf":[],"_links":{"self":[{"href":"https:\/\/www.reabilitar.org.br\/ceir\/wp-json\/wp\/v2\/posts\/295"}],"collection":[{"href":"https:\/\/www.reabilitar.org.br\/ceir\/wp-json\/wp\/v2\/posts"}],"about":[{"href":"https:\/\/www.reabilitar.org.br\/ceir\/wp-json\/wp\/v2\/types\/post"}],"author":[{"embeddable":true,"href":"https:\/\/www.reabilitar.org.br\/ceir\/wp-json\/wp\/v2\/users\/2"}],"replies":[{"embeddable":true,"href":"https:\/\/www.reabilitar.org.br\/ceir\/wp-json\/wp\/v2\/comments?post=295"}],"version-history":[{"count":16,"href":"https:\/\/www.reabilitar.org.br\/ceir\/wp-json\/wp\/v2\/posts\/295\/revisions"}],"predecessor-version":[{"id":11933,"href":"https:\/\/www.reabilitar.org.br\/ceir\/wp-json\/wp\/v2\/posts\/295\/revisions\/11933"}],"wp:featuredmedia":[{"embeddable":true,"href":"https:\/\/www.reabilitar.org.br\/ceir\/wp-json\/wp\/v2\/media\/13100"}],"wp:attachment":[{"href":"https:\/\/www.reabilitar.org.br\/ceir\/wp-json\/wp\/v2\/media?parent=295"}],"wp:term":[{"taxonomy":"category","embeddable":true,"href":"https:\/\/www.reabilitar.org.br\/ceir\/wp-json\/wp\/v2\/categories?post=295"},{"taxonomy":"post_tag","embeddable":true,"href":"https:\/\/www.reabilitar.org.br\/ceir\/wp-json\/wp\/v2\/tags?post=295"}],"curies":[{"name":"wp","href":"https:\/\/api.w.org\/{rel}","templated":true}]}}