{"id":298,"date":"2016-04-05T11:00:05","date_gmt":"2016-04-05T14:00:05","guid":{"rendered":"https:\/\/www.reabilitar.org.br\/ceir\/?p=298"},"modified":"2022-12-13T09:24:38","modified_gmt":"2022-12-13T12:24:38","slug":"clinica-de-microcefalia","status":"publish","type":"post","link":"https:\/\/www.reabilitar.org.br\/ceir\/clinica-de-microcefalia\/","title":{"rendered":"Cl\u00ednica de Microcefalia"},"content":{"rendered":"<hr \/>\n<p style=\"text-align: center;\"><em>Em 2016, foi implanta uma Cl\u00ednica de Microcefalia em nosso Centro, para atender beb\u00eas com microcefalia relacionada ao Zika V\u00edrus.<\/em><\/p>\n<hr \/>\n\n\t\t<style type=\"text\/css\">\n\t\t\t#gallery-1 {\n\t\t\t\tmargin: auto;\n\t\t\t}\n\t\t\t#gallery-1 .gallery-item {\n\t\t\t\tfloat: left;\n\t\t\t\tmargin-top: 10px;\n\t\t\t\ttext-align: center;\n\t\t\t\twidth: 20%;\n\t\t\t}\n\t\t\t#gallery-1 img {\n\t\t\t\tborder: 2px solid #cfcfcf;\n\t\t\t}\n\t\t\t#gallery-1 .gallery-caption {\n\t\t\t\tmargin-left: 0;\n\t\t\t}\n\t\t\t\/* see gallery_shortcode() in wp-includes\/media.php *\/\n\t\t<\/style>\n\t\t<div id='gallery-1' class='gallery galleryid-298 gallery-columns-5 gallery-size-thumbnail'><dl class='gallery-item'>\n\t\t\t<dt class='gallery-icon landscape'>\n\t\t\t\t<a href='https:\/\/www.reabilitar.org.br\/ceir\/joao-guilherme-aguarda-diagnostico-de-microcefalia-e-sindrome-de-down\/'><img width=\"150\" height=\"150\" src=\"https:\/\/www.reabilitar.org.br\/ceir\/wp-content\/uploads\/2016\/07\/Jo\u00e3o-Guilherme-aguarda-diagn\u00f3stico-de-microcefalia-e-S\u00edndrome-de-Down-150x150.jpg\" class=\"attachment-thumbnail size-thumbnail\" alt=\"\" loading=\"lazy\" \/><\/a>\n\t\t\t<\/dt><\/dl><dl class='gallery-item'>\n\t\t\t<dt class='gallery-icon landscape'>\n\t\t\t\t<a href='https:\/\/www.reabilitar.org.br\/ceir\/bd35ff9a83_media\/'><img width=\"150\" height=\"150\" src=\"https:\/\/www.reabilitar.org.br\/ceir\/wp-content\/uploads\/2016\/07\/bd35ff9a83_media-150x150.jpg\" class=\"attachment-thumbnail size-thumbnail\" alt=\"\" loading=\"lazy\" \/><\/a>\n\t\t\t<\/dt><\/dl><dl class='gallery-item'>\n\t\t\t<dt class='gallery-icon landscape'>\n\t\t\t\t<a href='https:\/\/www.reabilitar.org.br\/ceir\/josiane-morais-acompanha-cada-evolucao-do-filho-heitor\/'><img width=\"150\" height=\"150\" src=\"https:\/\/www.reabilitar.org.br\/ceir\/wp-content\/uploads\/2016\/07\/Josiane-Morais-acompanha-cada-evolu\u00e7\u00e3o-do-filho-Heitor-150x150.jpg\" class=\"attachment-thumbnail size-thumbnail\" alt=\"\" loading=\"lazy\" \/><\/a>\n\t\t\t<\/dt><\/dl><dl class='gallery-item'>\n\t\t\t<dt class='gallery-icon landscape'>\n\t\t\t\t<a href='https:\/\/www.reabilitar.org.br\/ceir\/13255986_974978405870519_5288947877083453976_n\/'><img width=\"150\" height=\"150\" src=\"https:\/\/www.reabilitar.org.br\/ceir\/wp-content\/uploads\/2016\/06\/13255986_974978405870519_5288947877083453976_n-150x150.jpg\" class=\"attachment-thumbnail size-thumbnail\" alt=\"\" loading=\"lazy\" \/><\/a>\n\t\t\t<\/dt><\/dl><dl class='gallery-item'>\n\t\t\t<dt class='gallery-icon landscape'>\n\t\t\t\t<a href='https:\/\/www.reabilitar.org.br\/ceir\/13007315_961129940588699_6291347297995219319_n\/'><img width=\"150\" height=\"150\" src=\"https:\/\/www.reabilitar.org.br\/ceir\/wp-content\/uploads\/2016\/06\/13007315_961129940588699_6291347297995219319_n-150x150.jpg\" class=\"attachment-thumbnail size-thumbnail\" alt=\"\" loading=\"lazy\" \/><\/a>\n\t\t\t<\/dt><\/dl><br style=\"clear: both\" \/><dl class='gallery-item'>\n\t\t\t<dt class='gallery-icon landscape'>\n\t\t\t\t<a href='https:\/\/www.reabilitar.org.br\/ceir\/0007\/'><img width=\"150\" height=\"150\" src=\"https:\/\/www.reabilitar.org.br\/ceir\/wp-content\/uploads\/2016\/06\/0007-150x150.jpg\" class=\"attachment-thumbnail size-thumbnail\" alt=\"\" loading=\"lazy\" \/><\/a>\n\t\t\t<\/dt><\/dl><dl class='gallery-item'>\n\t\t\t<dt class='gallery-icon landscape'>\n\t\t\t\t<a href='https:\/\/www.reabilitar.org.br\/ceir\/microcefalia\/'><img width=\"150\" height=\"150\" src=\"https:\/\/www.reabilitar.org.br\/ceir\/wp-content\/uploads\/2016\/06\/microcefalia-150x150.jpg\" class=\"attachment-thumbnail size-thumbnail\" alt=\"\" loading=\"lazy\" \/><\/a>\n\t\t\t<\/dt><\/dl><dl class='gallery-item'>\n\t\t\t<dt class='gallery-icon landscape'>\n\t\t\t\t<a href='https:\/\/www.reabilitar.org.br\/ceir\/corpo-clinico\/neuropediatria\/'><img width=\"150\" height=\"150\" src=\"https:\/\/www.reabilitar.org.br\/ceir\/wp-content\/uploads\/2016\/03\/Neuropediatria-150x150.jpg\" class=\"attachment-thumbnail size-thumbnail\" alt=\"\" loading=\"lazy\" \/><\/a>\n\t\t\t<\/dt><\/dl><dl class='gallery-item'>\n\t\t\t<dt class='gallery-icon landscape'>\n\t\t\t\t<a href='https:\/\/www.reabilitar.org.br\/ceir\/escolhida\/'><img width=\"150\" height=\"150\" src=\"https:\/\/www.reabilitar.org.br\/ceir\/wp-content\/uploads\/2016\/04\/escolhida-150x150.jpg\" class=\"attachment-thumbnail size-thumbnail\" alt=\"\" loading=\"lazy\" \/><\/a>\n\t\t\t<\/dt><\/dl><dl class='gallery-item'>\n\t\t\t<dt class='gallery-icon landscape'>\n\t\t\t\t<a href='https:\/\/www.reabilitar.org.br\/ceir\/clinica-de-microcefalia\/ester-vitoria-sendo-atendida-por-juliana-barbosa-3-2\/'><img width=\"150\" height=\"150\" src=\"https:\/\/www.reabilitar.org.br\/ceir\/wp-content\/uploads\/2016\/04\/Ester-Vit\u00f3ria-sendo-atendida-por-Juliana-Barbosa-3-150x150.jpg\" class=\"attachment-thumbnail size-thumbnail\" alt=\"\" loading=\"lazy\" \/><\/a>\n\t\t\t<\/dt><\/dl><br style=\"clear: both\" \/>\n\t\t<\/div>\n\n<hr \/>\n<p style=\"text-align: justify;\">Diante do surto de microcefalia relacionada ao Z\u00edka V\u00edrus que o Brasil viveu no ano de 2015, foi implantada em nosso Centro uma Cl\u00ednica de Microcefalia, ap\u00f3s articula\u00e7\u00e3o entre a Secretaria de Estado da Sa\u00fade do Piau\u00ed (Sesapi) e o Minist\u00e9rio da Sa\u00fade.<\/p>\n<p style=\"text-align: justify;\">\nV\u00e1rios profissionais est\u00e3o envolvidos na Cl\u00ednica de Microcefalia, entre eles: m\u00e9dicos, psic\u00f3logos, fonoaudi\u00f3logos, fisioterapeutas, terapeutas ocupacionais e assistentes sociais.<\/p>\n<p style=\"text-align: justify;\">\nNesse programa de reabilita\u00e7\u00e3o s\u00e3o trabalhados grupos de estimula\u00e7\u00e3o precoce, com est\u00edmulos para o desenvolvimento motor, cognitivo, social, sensorial e linguagem; grupos de acolhimento, trabalhando o afeto entre m\u00e3es e filhos, com orienta\u00e7\u00f5es sobre o cuidado com a crian\u00e7a com microcefalia; atendimentos individuais de fisioterapia; e cursos para pais ou respons\u00e1veis.<\/p>\n<p style=\"text-align: justify;\">\nOs beb\u00eas s\u00e3o encaminhados pelo Centro de Refer\u00eancia Estadual de Microcefalia, que funciona no Instituto de Perinatologia Social da Maternidade Dona Evangelina Rosa. Quando chegam a nossa Cl\u00ednica de Microcefalia, s\u00e3o avaliados em consultas m\u00e9dicas de admiss\u00e3o e enquadrados em terapias de reabilita\u00e7\u00e3o.<\/p>\n<hr \/>\n<p style=\"text-align: right;\"><strong><span style=\"color: #ff0000;\">+ <a style=\"color: #ff0000;\" href=\"https:\/\/www.reabilitar.org.br\/ceir\/tag\/clinica-de-microcefalia\/\" target=\"_blank\" rel=\"noopener\">Not\u00edcias<\/a><\/span><\/strong><\/p>\n<hr \/>\n<p style=\"text-align: center;\"><span style=\"color: #0000ff;\"><b>Para mais informa\u00e7\u00f5es e esclarecimentos:<\/b><\/span><\/p>\n<p style=\"text-align: center;\"><span style=\"color: #0000ff;\"><b>(86) 3198-1500 ou <b>ceir@ceir.org.br<\/b><\/b><\/span><\/p>\n<hr \/>\n<p style=\"text-align: center;\">Estamos localizados na Avenida Higino Cunha, N\u00ba 1515, no Bairro Ilhotas, em Teresina \u2013 Piau\u00ed.<\/p>\n<hr \/>\n<h6><span style=\"color: #808080;\">\u00a0Texto: Cl\u00e1udia Alves\u00a0\u2013 Comunica\u00e7\u00e3o\u00a0Ceir<\/span><\/h6>\n<hr \/>\n","protected":false},"excerpt":{"rendered":"<p>Em 2016, foi implanta uma Cl\u00ednica de Microcefalia em nosso Centro, para atender beb\u00eas com microcefalia relacionada ao Zika V\u00edrus. Diante do surto de microcefalia relacionada ao Z\u00edka V\u00edrus que o Brasil viveu no ano de 2015, foi implantada em nosso Centro uma Cl\u00ednica de Microcefalia, ap\u00f3s articula\u00e7\u00e3o entre a Secretaria de Estado da Sa\u00fade [&hellip;]<\/p>\n","protected":false},"author":2,"featured_media":13098,"comment_status":"open","ping_status":"open","sticky":false,"template":"","format":"standard","meta":[],"categories":[2],"tags":[74],"acf":[],"_links":{"self":[{"href":"https:\/\/www.reabilitar.org.br\/ceir\/wp-json\/wp\/v2\/posts\/298"}],"collection":[{"href":"https:\/\/www.reabilitar.org.br\/ceir\/wp-json\/wp\/v2\/posts"}],"about":[{"href":"https:\/\/www.reabilitar.org.br\/ceir\/wp-json\/wp\/v2\/types\/post"}],"author":[{"embeddable":true,"href":"https:\/\/www.reabilitar.org.br\/ceir\/wp-json\/wp\/v2\/users\/2"}],"replies":[{"embeddable":true,"href":"https:\/\/www.reabilitar.org.br\/ceir\/wp-json\/wp\/v2\/comments?post=298"}],"version-history":[{"count":27,"href":"https:\/\/www.reabilitar.org.br\/ceir\/wp-json\/wp\/v2\/posts\/298\/revisions"}],"predecessor-version":[{"id":13113,"href":"https:\/\/www.reabilitar.org.br\/ceir\/wp-json\/wp\/v2\/posts\/298\/revisions\/13113"}],"wp:featuredmedia":[{"embeddable":true,"href":"https:\/\/www.reabilitar.org.br\/ceir\/wp-json\/wp\/v2\/media\/13098"}],"wp:attachment":[{"href":"https:\/\/www.reabilitar.org.br\/ceir\/wp-json\/wp\/v2\/media?parent=298"}],"wp:term":[{"taxonomy":"category","embeddable":true,"href":"https:\/\/www.reabilitar.org.br\/ceir\/wp-json\/wp\/v2\/categories?post=298"},{"taxonomy":"post_tag","embeddable":true,"href":"https:\/\/www.reabilitar.org.br\/ceir\/wp-json\/wp\/v2\/tags?post=298"}],"curies":[{"name":"wp","href":"https:\/\/api.w.org\/{rel}","templated":true}]}}