{"id":301,"date":"2016-04-05T12:00:51","date_gmt":"2016-04-05T15:00:51","guid":{"rendered":"https:\/\/www.reabilitar.org.br\/ceir\/?p=301"},"modified":"2022-10-31T15:31:47","modified_gmt":"2022-10-31T18:31:47","slug":"saude-auditiva","status":"publish","type":"post","link":"https:\/\/www.reabilitar.org.br\/ceir\/saude-auditiva\/","title":{"rendered":"Sa\u00fade Auditiva"},"content":{"rendered":"<hr \/>\n<p style=\"text-align: center;\"><em>Em 2015, passamos a integrar o Programa de Promo\u00e7\u00e3o e Preven\u00e7\u00e3o da Sa\u00fade Auditiva, do Governo Federal, ap\u00f3s sermos habilitados pelo Minist\u00e9rio da Sa\u00fade como Centro Especializado em Reabilita\u00e7\u00e3o (CER) III.<\/em><\/p>\n<hr \/>\n\n\t\t<style type=\"text\/css\">\n\t\t\t#gallery-1 {\n\t\t\t\tmargin: auto;\n\t\t\t}\n\t\t\t#gallery-1 .gallery-item {\n\t\t\t\tfloat: left;\n\t\t\t\tmargin-top: 10px;\n\t\t\t\ttext-align: center;\n\t\t\t\twidth: 33%;\n\t\t\t}\n\t\t\t#gallery-1 img {\n\t\t\t\tborder: 2px solid #cfcfcf;\n\t\t\t}\n\t\t\t#gallery-1 .gallery-caption {\n\t\t\t\tmargin-left: 0;\n\t\t\t}\n\t\t\t\/* see gallery_shortcode() in wp-includes\/media.php *\/\n\t\t<\/style>\n\t\t<div id='gallery-1' class='gallery galleryid-301 gallery-columns-3 gallery-size-medium'><dl class='gallery-item'>\n\t\t\t<dt class='gallery-icon landscape'>\n\t\t\t\t<a href='https:\/\/www.reabilitar.org.br\/ceir\/saude-auditiva\/fonoaudiologia-2\/'><img width=\"300\" height=\"200\" src=\"https:\/\/www.reabilitar.org.br\/ceir\/wp-content\/uploads\/2016\/04\/Fonoaudiologia-300x200.jpg\" class=\"attachment-medium size-medium\" alt=\"\" loading=\"lazy\" srcset=\"https:\/\/www.reabilitar.org.br\/ceir\/wp-content\/uploads\/2016\/04\/Fonoaudiologia-300x200.jpg 300w, https:\/\/www.reabilitar.org.br\/ceir\/wp-content\/uploads\/2016\/04\/Fonoaudiologia-768x512.jpg 768w, https:\/\/www.reabilitar.org.br\/ceir\/wp-content\/uploads\/2016\/04\/Fonoaudiologia.jpg 1000w\" sizes=\"(max-width: 300px) 100vw, 300px\" \/><\/a>\n\t\t\t<\/dt><\/dl><dl class='gallery-item'>\n\t\t\t<dt class='gallery-icon landscape'>\n\t\t\t\t<a href='https:\/\/www.reabilitar.org.br\/ceir\/saude-auditiva\/audicao\/'><img width=\"300\" height=\"200\" src=\"https:\/\/www.reabilitar.org.br\/ceir\/wp-content\/uploads\/2016\/04\/audicao-300x200.jpg\" class=\"attachment-medium size-medium\" alt=\"\" loading=\"lazy\" srcset=\"https:\/\/www.reabilitar.org.br\/ceir\/wp-content\/uploads\/2016\/04\/audicao-300x200.jpg 300w, https:\/\/www.reabilitar.org.br\/ceir\/wp-content\/uploads\/2016\/04\/audicao-768x512.jpg 768w, https:\/\/www.reabilitar.org.br\/ceir\/wp-content\/uploads\/2016\/04\/audicao.jpg 1024w\" sizes=\"(max-width: 300px) 100vw, 300px\" \/><\/a>\n\t\t\t<\/dt><\/dl><dl class='gallery-item'>\n\t\t\t<dt class='gallery-icon landscape'>\n\t\t\t\t<a href='https:\/\/www.reabilitar.org.br\/ceir\/saude-auditiva\/img_1103-4\/'><img width=\"300\" height=\"200\" src=\"https:\/\/www.reabilitar.org.br\/ceir\/wp-content\/uploads\/2016\/04\/IMG_1103-1-300x200.jpg\" class=\"attachment-medium size-medium\" alt=\"\" loading=\"lazy\" srcset=\"https:\/\/www.reabilitar.org.br\/ceir\/wp-content\/uploads\/2016\/04\/IMG_1103-1-300x200.jpg 300w, https:\/\/www.reabilitar.org.br\/ceir\/wp-content\/uploads\/2016\/04\/IMG_1103-1-768x512.jpg 768w, https:\/\/www.reabilitar.org.br\/ceir\/wp-content\/uploads\/2016\/04\/IMG_1103-1.jpg 1024w\" sizes=\"(max-width: 300px) 100vw, 300px\" \/><\/a>\n\t\t\t<\/dt><\/dl><br style=\"clear: both\" \/>\n\t\t<\/div>\n\n<hr \/>\n<p style=\"text-align: justify;\">O objetivo do nosso Programa de Sa\u00fade Auditiva \u00e9 cuidar da sa\u00fade auditiva de pessoas que sofrem com problemas auditivos nos graus leve, moderado, severo e profundo.<\/p>\n<p style=\"text-align: justify;\">Caso a perda auditiva seja revers\u00edvel realizamos o tratamento para que n\u00e3o seja necess\u00e1rio o uso de um aparelho auditivo. Mas quando h\u00e1 a necessidade do aparelho, encaminhamos o paciente para a avalia\u00e7\u00e3o de uma equipe multidisciplinar formada por otorrino, fonoaudi\u00f3logo, assistente social e psic\u00f3logo.<\/p>\n<p style=\"text-align: justify;\">Cada profissional tem decis\u00e3o no processo de protetiza\u00e7\u00e3o do paciente. O otorrinolaringologista avalia se a perda auditiva \u00e9 reversiva ou n\u00e3o; o fonoaudi\u00f3logo realiza o exame de audiometria, avaliando o tipo e grau de surdez; e o psic\u00f3logo identifica a motiva\u00e7\u00e3o do paciente para o uso do aparelho.<\/p>\n<p style=\"text-align: justify;\">Nesse processo, o assistente social orienta cada paciente sobre os seus direitos como cidad\u00e3os e possuintes de defici\u00eancia auditiva. A maioria dos pacientes desconhece os seus direitos, a exemplo do passe livre e de benef\u00edcios do INSS. H\u00e1 casos em que pessoas de baixa renda n\u00e3o t\u00eam condi\u00e7\u00f5es de retornarem \u00e0s terapias, ent\u00e3o realizamos a articula\u00e7\u00e3o com os munic\u00edpios para garantir o retorno deles ao nosso Centro.<\/p>\n<p style=\"text-align: justify;\">O diferencial do nosso Programa de Sa\u00fade Auditiva \u00e9 que n\u00e3o apenas entregamos o aparelho auditivo para a pessoa com defici\u00eancia, n\u00f3s tamb\u00e9m realizamos acompanhamento em terapias. Ao retornar \u00e0s sess\u00f5es, o paciente fala das suas dificuldades e adapta\u00e7\u00f5es e tem o seu aparelho ajustado para fazer o melhor uso e aproveitamento.<\/p>\n<p style=\"text-align: justify;\">J\u00e1 entregamos mais de mil aparelhos auditivos, servi\u00e7o realizado pelo Sistema \u00danico de Sa\u00fade (SUS), beneficiando mais de 500 pessoas, sendo 95% delas oriundas do interior do Piau\u00ed, e j\u00e1 ultrapassamos a marca de cinco mil atendimentos realizados.<\/p>\n<hr \/>\n<p style=\"text-align: justify;\"><span style=\"color: #008000;\"><b>Saiba como ter acesso a nossa sa\u00fade auditiva:<\/b><\/span><\/p>\n<hr \/>\n<p class=\"western\" align=\"justify\"><span style=\"font-family: Bookman Old Style, serif;\"><span style=\"font-size: medium;\"><span lang=\"pt-BR\">a) Procurar a Unidade de Sa\u00fade mais pr\u00f3xima de sua resid\u00eancia e fazer uma consulta com um m\u00e9dico do PSF ou credenciado pelo SUS. Solicite o preenchimento da guia de marca\u00e7\u00e3o de consultas do SUS;<\/span><\/span><\/span><\/p>\n<p class=\"western\" align=\"justify\"><span style=\"font-family: Bookman Old Style, serif;\"><span style=\"font-size: medium;\"><span lang=\"pt-BR\">b) Anexar \u00e0 solicita\u00e7\u00e3o do m\u00e9dico as c\u00f3pias dos seguintes documentos: RG, CPF, cart\u00e3o do SUS (Cart\u00e3o Nacional de Sa\u00fade), comprovante de resid\u00eancia com CEP e, pelo menos, um n\u00famero de telefone para contato;<\/span><\/span><\/span><\/p>\n<p class=\"western\" align=\"justify\"><span style=\"font-family: Bookman Old Style, serif;\"><span style=\"font-size: medium;\"><span lang=\"pt-BR\">c) Procurar o setor de marca\u00e7\u00e3o de consultas online do SUS no Posto de Sa\u00fade ou Secretaria de Sa\u00fade do seu munic\u00edpio;<\/span><\/span><\/span><\/p>\n<p class=\"western\" align=\"justify\"><span style=\"font-family: Bookman Old Style, serif;\"><span style=\"font-size: medium;\"><span lang=\"pt-BR\">d) O operador de marca\u00e7\u00e3o dever\u00e1 seguir os seguintes passos para marca\u00e7\u00e3o no sistema online do SUS (https:\/\/fmsteresina.gestorsolucao.net.br\/):<\/span><\/span><\/span><\/p>\n<p class=\"western\" align=\"left\"><span style=\"font-family: Bookman Old Style, serif;\"><span style=\"font-size: medium;\"><span lang=\"pt-BR\">1\u00ba Passo: Marca\u00e7\u00e3o;<br \/>\n2\u00ba Passo: Agendamento;<br \/>\n3\u00ba Passo: Nome do procedimento &#8211; preencher com:<\/span><\/span><\/span><\/p>\n<ul>\n<li>\n<p align=\"left\"><span style=\"font-family: Bookman Old Style, serif;\"><span style=\"font-size: medium;\"><span lang=\"pt-BR\"><b>SA\u00daDE AUDITIVA:<\/b><\/span><span lang=\"pt-BR\"> para fazer a busca do Programa de Sa\u00fade Auditiva \/ reabilita\u00e7\u00e3o auditiva.<\/span><\/span><\/span><\/p>\n<\/li>\n<\/ul>\n<p class=\"western\" align=\"left\"><span style=\"font-family: Bookman Old Style, serif;\"><span style=\"font-size: medium;\"><span lang=\"pt-BR\">4\u00ba passo: Selecionar o procedimento:<br \/>\n<\/span><b><\/b><\/span><\/span><span style=\"font-family: Bookman Old Style, serif;\"><span style=\"font-size: medium;\"><b><span lang=\"pt-BR\"><br \/>\nCEIR &#8211; OTORRINOLARINGOLOGIA \/ SAUDE AUDITIVA (0 a 130 anos);<\/span><\/b><\/span><\/span><\/p>\n<p class=\"western\" align=\"justify\"><span style=\"font-family: Bookman Old Style, serif;\"><span style=\"font-size: medium;\"><span lang=\"pt-BR\">5\u00ba passo: Havendo vagas, o sistema ir\u00e1 informar o profissional, dia e o hor\u00e1rio da triagem no Ceir.<\/span><\/span><\/span><\/p>\n<ul>\n<li>\n<p align=\"justify\"><span style=\"font-family: Bookman Old Style, serif;\"><span style=\"font-size: medium;\"><span lang=\"pt-BR\">Pronto, voc\u00ea j\u00e1 sai com o dia e a hora da primeira consulta no Ceir e dever\u00e1 comparecer na data agendada, levando o encaminhamento com a autoriza\u00e7\u00e3o e os documentos;<\/span><\/span><\/span><\/p>\n<\/li>\n<li>\n<p align=\"justify\"><span style=\"font-family: Bookman Old Style, serif;\"><span style=\"font-size: medium;\"><span lang=\"pt-BR\">Caso n\u00e3o haja vagas, o operador entregar\u00e1 um informativo com o n\u00famero de regula\u00e7\u00e3o e o usu\u00e1rio poder\u00e1 acompanhar a situa\u00e7\u00e3o atrav\u00e9s do site:<\/span><\/span><\/span> <span style=\"color: #0000ff;\"><u><span style=\"font-family: Bookman Old Style, serif;\"><span style=\"font-size: medium;\"><span lang=\"pt-BR\"><a href=\"http:\/\/sus.teresina.pi.gov.br\/confirmacao-de-consulta\/\">http:\/\/sus.teresina.pi.gov.br\/confirmacao-de-consulta\/<\/a>.<\/span><\/span><\/span><\/u><\/span> <span style=\"color: #0000ff;\"><span style=\"color: #000000;\"><span style=\"font-family: Bookman Old Style, serif;\"><span style=\"font-size: medium;\"><span lang=\"pt-BR\">Se, ap\u00f3s 03 (tr\u00eas) meses, n\u00e3o for agendado, o usu\u00e1rio dever\u00e1 comparecer ao posto de sa\u00fade ou \u00e0 Secretaria de Sa\u00fade do seu munic\u00edpio para solicitar a revalida\u00e7\u00e3o.<\/span><\/span><\/span><\/span><\/span><\/p>\n<\/li>\n<\/ul>\n<p class=\"western\" align=\"justify\"><span style=\"font-family: Bookman Old Style, serif;\"><span style=\"font-size: medium;\"><span lang=\"pt-BR\">Para mais informa\u00e7\u00f5es e esclarecimentos: (86) 3198-1500 ou<\/span><\/span><\/span><span style=\"color: #141823;\"><span style=\"font-family: Bookman Old Style, serif;\"><span style=\"font-size: medium;\"><span lang=\"pt-BR\">\u00a0<\/span><\/span><\/span><\/span><span style=\"color: #0000ff;\"><u><a href=\"mailto:same@ceir.org.br\" target=\"_blank\" rel=\"noopener\"><span style=\"color: #1155cc;\"><span style=\"font-family: Bookman Old Style, serif;\"><span style=\"font-size: medium;\"><span lang=\"pt-BR\">same@ceir.org.br<\/span><\/span><\/span><\/span><\/a><\/u><\/span><\/p>\n<hr \/>\n<p style=\"text-align: right;\"><strong><span style=\"color: #ff0000;\">+ <a style=\"color: #ff0000;\" href=\"https:\/\/www.reabilitar.org.br\/ceir\/tag\/saude-auditiva\/\" target=\"_blank\" rel=\"noopener\">Not\u00edcias<\/a><\/span><\/strong><\/p>\n<hr \/>\n<p style=\"text-align: center;\"><span style=\"color: #0000ff;\"><b>Para mais informa\u00e7\u00f5es e esclarecimentos:<\/b><\/span><\/p>\n<p style=\"text-align: center;\"><span style=\"color: #0000ff;\"><b>(86) 3198-1500 ou <a href=\"mailto:same@ceir.org.br\">same@ceir.org.br<\/a>.<\/b><\/span><\/p>\n<hr \/>\n<p style=\"text-align: center;\">Estamos localizados na Avenida Higino Cunha, N\u00ba 1515, no Bairro Ilhotas, em Teresina \u2013 Piau\u00ed.<\/p>\n<hr \/>\n<h6><span style=\"color: #808080;\">\u00a0Texto: Lays Viana \u2013 Comunica\u00e7\u00e3o\u00a0Ceir<\/span><\/h6>\n<hr \/>\n","protected":false},"excerpt":{"rendered":"<p>Em 2015, passamos a integrar o Programa de Promo\u00e7\u00e3o e Preven\u00e7\u00e3o da Sa\u00fade Auditiva, do Governo Federal, ap\u00f3s sermos habilitados pelo Minist\u00e9rio da Sa\u00fade como Centro Especializado em Reabilita\u00e7\u00e3o (CER) III. O objetivo do nosso Programa de Sa\u00fade Auditiva \u00e9 cuidar da sa\u00fade auditiva de pessoas que sofrem com problemas auditivos nos graus leve, moderado, [&hellip;]<\/p>\n","protected":false},"author":2,"featured_media":13097,"comment_status":"open","ping_status":"open","sticky":false,"template":"","format":"standard","meta":[],"categories":[2],"tags":[41],"acf":[],"_links":{"self":[{"href":"https:\/\/www.reabilitar.org.br\/ceir\/wp-json\/wp\/v2\/posts\/301"}],"collection":[{"href":"https:\/\/www.reabilitar.org.br\/ceir\/wp-json\/wp\/v2\/posts"}],"about":[{"href":"https:\/\/www.reabilitar.org.br\/ceir\/wp-json\/wp\/v2\/types\/post"}],"author":[{"embeddable":true,"href":"https:\/\/www.reabilitar.org.br\/ceir\/wp-json\/wp\/v2\/users\/2"}],"replies":[{"embeddable":true,"href":"https:\/\/www.reabilitar.org.br\/ceir\/wp-json\/wp\/v2\/comments?post=301"}],"version-history":[{"count":26,"href":"https:\/\/www.reabilitar.org.br\/ceir\/wp-json\/wp\/v2\/posts\/301\/revisions"}],"predecessor-version":[{"id":12847,"href":"https:\/\/www.reabilitar.org.br\/ceir\/wp-json\/wp\/v2\/posts\/301\/revisions\/12847"}],"wp:featuredmedia":[{"embeddable":true,"href":"https:\/\/www.reabilitar.org.br\/ceir\/wp-json\/wp\/v2\/media\/13097"}],"wp:attachment":[{"href":"https:\/\/www.reabilitar.org.br\/ceir\/wp-json\/wp\/v2\/media?parent=301"}],"wp:term":[{"taxonomy":"category","embeddable":true,"href":"https:\/\/www.reabilitar.org.br\/ceir\/wp-json\/wp\/v2\/categories?post=301"},{"taxonomy":"post_tag","embeddable":true,"href":"https:\/\/www.reabilitar.org.br\/ceir\/wp-json\/wp\/v2\/tags?post=301"}],"curies":[{"name":"wp","href":"https:\/\/api.w.org\/{rel}","templated":true}]}}