{"id":309,"date":"2016-04-05T14:00:47","date_gmt":"2016-04-05T17:00:47","guid":{"rendered":"https:\/\/www.reabilitar.org.br\/ceir\/?p=309"},"modified":"2022-12-15T18:07:47","modified_gmt":"2022-12-15T21:07:47","slug":"reabilitacao-fisica","status":"publish","type":"post","link":"https:\/\/www.reabilitar.org.br\/ceir\/reabilitacao-fisica\/","title":{"rendered":"Reabilita\u00e7\u00e3o F\u00edsica"},"content":{"rendered":"<hr \/>\n<p style=\"text-align: center;\"><em>Atendimento humanizado, especializado na reabilita\u00e7\u00e3o funcional de pessoas com defici\u00eancia no Piau\u00ed. <\/em><\/p>\n<hr \/>\n\n\t\t<style type=\"text\/css\">\n\t\t\t#gallery-1 {\n\t\t\t\tmargin: auto;\n\t\t\t}\n\t\t\t#gallery-1 .gallery-item {\n\t\t\t\tfloat: left;\n\t\t\t\tmargin-top: 10px;\n\t\t\t\ttext-align: center;\n\t\t\t\twidth: 20%;\n\t\t\t}\n\t\t\t#gallery-1 img {\n\t\t\t\tborder: 2px solid #cfcfcf;\n\t\t\t}\n\t\t\t#gallery-1 .gallery-caption {\n\t\t\t\tmargin-left: 0;\n\t\t\t}\n\t\t\t\/* see gallery_shortcode() in wp-includes\/media.php *\/\n\t\t<\/style>\n\t\t<div id='gallery-1' class='gallery galleryid-309 gallery-columns-5 gallery-size-thumbnail'><dl class='gallery-item'>\n\t\t\t<dt class='gallery-icon landscape'>\n\t\t\t\t<a href='https:\/\/www.reabilitar.org.br\/ceir\/reabilitacao-fisica\/attachment\/3726\/'><img width=\"150\" height=\"150\" src=\"https:\/\/www.reabilitar.org.br\/ceir\/wp-content\/uploads\/2016\/04\/jpg-150x150.\" class=\"attachment-thumbnail size-thumbnail\" alt=\"\" loading=\"lazy\" \/><\/a>\n\t\t\t<\/dt><\/dl><dl class='gallery-item'>\n\t\t\t<dt class='gallery-icon landscape'>\n\t\t\t\t<a href='https:\/\/www.reabilitar.org.br\/ceir\/reabilitacao-fisica\/11917489_856474491054245_5668586255586839064_n\/'><img width=\"150\" height=\"150\" src=\"https:\/\/www.reabilitar.org.br\/ceir\/wp-content\/uploads\/2016\/04\/11917489_856474491054245_5668586255586839064_n-150x150.jpg\" class=\"attachment-thumbnail size-thumbnail\" alt=\"\" loading=\"lazy\" \/><\/a>\n\t\t\t<\/dt><\/dl><dl class='gallery-item'>\n\t\t\t<dt class='gallery-icon landscape'>\n\t\t\t\t<a href='https:\/\/www.reabilitar.org.br\/ceir\/reabilitacao-fisica\/11952988_856448517723509_3847236741318280500_n\/'><img width=\"150\" height=\"150\" src=\"https:\/\/www.reabilitar.org.br\/ceir\/wp-content\/uploads\/2016\/04\/11952988_856448517723509_3847236741318280500_n-150x150.jpg\" class=\"attachment-thumbnail size-thumbnail\" alt=\"\" loading=\"lazy\" \/><\/a>\n\t\t\t<\/dt><\/dl><dl class='gallery-item'>\n\t\t\t<dt class='gallery-icon landscape'>\n\t\t\t\t<a href='https:\/\/www.reabilitar.org.br\/ceir\/reabilitacao-fisica\/11954749_854080417960319_6751650544090038368_n\/'><img width=\"150\" height=\"150\" src=\"https:\/\/www.reabilitar.org.br\/ceir\/wp-content\/uploads\/2016\/04\/11954749_854080417960319_6751650544090038368_n-150x150.jpg\" class=\"attachment-thumbnail size-thumbnail\" alt=\"\" loading=\"lazy\" \/><\/a>\n\t\t\t<\/dt><\/dl><dl class='gallery-item'>\n\t\t\t<dt class='gallery-icon landscape'>\n\t\t\t\t<a href='https:\/\/www.reabilitar.org.br\/ceir\/reabilitacao-fisica\/12109275_872486496119711_309416280047667483_n\/'><img width=\"150\" height=\"150\" src=\"https:\/\/www.reabilitar.org.br\/ceir\/wp-content\/uploads\/2016\/04\/12109275_872486496119711_309416280047667483_n-150x150.jpg\" class=\"attachment-thumbnail size-thumbnail\" alt=\"\" loading=\"lazy\" \/><\/a>\n\t\t\t<\/dt><\/dl><br style=\"clear: both\" \/><dl class='gallery-item'>\n\t\t\t<dt class='gallery-icon landscape'>\n\t\t\t\t<a href='https:\/\/www.reabilitar.org.br\/ceir\/reabilitacao-fisica\/12143296_872281969473497_3949269588289665102_n\/'><img width=\"150\" height=\"150\" src=\"https:\/\/www.reabilitar.org.br\/ceir\/wp-content\/uploads\/2016\/04\/12143296_872281969473497_3949269588289665102_n-150x150.jpg\" class=\"attachment-thumbnail size-thumbnail\" alt=\"\" loading=\"lazy\" \/><\/a>\n\t\t\t<\/dt><\/dl><dl class='gallery-item'>\n\t\t\t<dt class='gallery-icon landscape'>\n\t\t\t\t<a href='https:\/\/www.reabilitar.org.br\/ceir\/reabilitacao-fisica\/12552666_916510348383992_7170446940800889495_n\/'><img width=\"150\" height=\"150\" src=\"https:\/\/www.reabilitar.org.br\/ceir\/wp-content\/uploads\/2016\/04\/12552666_916510348383992_7170446940800889495_n-150x150.jpg\" class=\"attachment-thumbnail size-thumbnail\" alt=\"\" loading=\"lazy\" \/><\/a>\n\t\t\t<\/dt><\/dl><dl class='gallery-item'>\n\t\t\t<dt class='gallery-icon landscape'>\n\t\t\t\t<a href='https:\/\/www.reabilitar.org.br\/ceir\/reabilitacao-fisica\/15380840_1141020705932954_3685946045623152424_n\/'><img width=\"150\" height=\"150\" src=\"https:\/\/www.reabilitar.org.br\/ceir\/wp-content\/uploads\/2016\/04\/15380840_1141020705932954_3685946045623152424_n-150x150.jpg\" class=\"attachment-thumbnail size-thumbnail\" alt=\"\" loading=\"lazy\" \/><\/a>\n\t\t\t<\/dt><\/dl><dl class='gallery-item'>\n\t\t\t<dt class='gallery-icon landscape'>\n\t\t\t\t<a href='https:\/\/www.reabilitar.org.br\/ceir\/reabilitacao-fisica\/dsc_0088-1-2\/'><img width=\"150\" height=\"150\" src=\"https:\/\/www.reabilitar.org.br\/ceir\/wp-content\/uploads\/2016\/04\/DSC_0088-1-1-150x150.jpg\" class=\"attachment-thumbnail size-thumbnail\" alt=\"\" loading=\"lazy\" \/><\/a>\n\t\t\t<\/dt><\/dl><dl class='gallery-item'>\n\t\t\t<dt class='gallery-icon landscape'>\n\t\t\t\t<a href='https:\/\/www.reabilitar.org.br\/ceir\/reabilitacao-fisica\/fotos-9-1\/'><img width=\"150\" height=\"150\" src=\"https:\/\/www.reabilitar.org.br\/ceir\/wp-content\/uploads\/2016\/04\/fotos-9-1-1-150x150.jpg\" class=\"attachment-thumbnail size-thumbnail\" alt=\"\" loading=\"lazy\" \/><\/a>\n\t\t\t<\/dt><\/dl><br style=\"clear: both\" \/>\n\t\t<\/div>\n\n<hr \/>\n<p class=\"western\">A Reabilita\u00e7\u00e3o F\u00edsica \u00e9 feita por meio da oferta de atendimento humanizado, voltado para a pessoas com defici\u00eancias oriundas de Paralisia Cerebral, doen\u00e7as neuromusculares, malforma\u00e7\u00f5es cong\u00eanitas, Mielomeningocele, Les\u00f5es Encef\u00e1licas Adquiridas, Les\u00e3o Medular, sequelas de Poliomielite, amputa\u00e7\u00e3o de membros e dist\u00farbios do movimento. Tendo como base uma abordagem multiprofissional, a Reabilita\u00e7\u00e3o F\u00edsica inclui como terapias: Fisioterapia Solo e Aqu\u00e1tica, Fonoaudiologia, Servi\u00e7o Social, Psicologia, Arte-Reabilita\u00e7\u00e3o, Musicoterapia, Terapia Ocupacional e Reabilita\u00e7\u00e3o Desportiva. Conta tamb\u00e9m com um corpo cl\u00ednico para atendimento dos pacientes nas \u00e1reas de Fisiatria, Cardiologia, Neurologia, Neuropediatria, Ortopedia, Pediatria, Urologia, Otorrinolaringologia, Enfermagem, Nutri\u00e7\u00e3o e Dermatologia.<\/p>\n<p class=\"western\">\nNo CEIR, o paciente que necessita tamb\u00e9m pode ter acesso a produtos ortop\u00e9dicos confeccionados sob medida e personalizados. Al\u00e9m de um moderno Centro de Diagn\u00f3stico, que realiza mais de 100 tipos de procedimentos e exames, com conforto e praticidade.<\/p>\n<p class=\"western\">\nNa Reabilita\u00e7\u00e3o F\u00edsica a fam\u00edlia tem um papel importante e de destaque durante o tratamento do paciente, pois recebe orienta\u00e7\u00f5es no Servi\u00e7o Social sobre os direitos da pessoa com defici\u00eancia e como obt\u00ea-los. Pode participar tamb\u00e9m de grupos terap\u00eauticos, cursos e treinamentos ministrados por nossa equipe de profissionais para obter informa\u00e7\u00f5es que melhorem a rotina e o tratamento do paciente.<\/p>\n<hr \/>\n<p class=\"western\" align=\"justify\"><strong><span style=\"color: #008000;\"><span style=\"font-family: Calibri, sans-serif;\">Saiba como ter acesso \u00e0 nossa reabilita\u00e7\u00e3o f\u00edsico-motora:<\/span><\/span><\/strong><\/p>\n<hr \/>\n<p><strong>a)<\/strong> Procurar a Unidade de Sa\u00fade mais pr\u00f3xima de sua resid\u00eancia e fazer uma consulta com um m\u00e9dico do PSF ou credenciado pelo SUS. Solicitar o preenchimento da guia de marca\u00e7\u00e3o de consultas do SUS;<\/p>\n<p><strong>b)<\/strong> Anexar \u00e0 solicita\u00e7\u00e3o do m\u00e9dico as c\u00f3pias dos seguintes documentos: RG, CPF, cart\u00e3o do SUS (Cart\u00e3o Nacional de Sa\u00fade), comprovante de resid\u00eancia com CEP e, pelo menos, um n\u00famero de telefone para contato;<\/p>\n<p><strong>c)<\/strong> Procurar o setor de marca\u00e7\u00e3o de consultas online do SUS no Posto de Sa\u00fade ou Secretaria de Sa\u00fade do seu munic\u00edpio;<\/p>\n<p><strong>d)<\/strong> O operador de marca\u00e7\u00e3o dever\u00e1 seguir os seguintes passos para marca\u00e7\u00e3o no sistema online do SUS (https:\/\/fmsteresina.gestorsolucao.net.br\/):<\/p>\n<p>1\u00ba Passo: Marca\u00e7\u00e3o;<br \/>\n2\u00ba Passo: Agendamento;<br \/>\n3\u00ba Passo: Nome do procedimento \u2013 preencher com:<\/p>\n<p><strong>TRIAGEM: para fazer a busca de Reabilita\u00e7\u00e3o F\u00edsica.<\/strong><\/p>\n<p>4\u00ba passo: Selecionar um dos procedimentos:<br \/>\n<strong>CEIR \u2013 TRIAGEM DEFICI\u00caNCIA F\u00cdSICA INFANTIL (de 0 a 17 anos e 11 meses e 29 dias);<\/strong><\/p>\n<p>*Quadro cl\u00ednico de Paralisia Cerebral, Malforma\u00e7\u00e3o Cong\u00eanita, Mielomeningocele e Atraso no Desenvolvimento Neuropsicomotor (de 0 a 6 anos 11 meses e 29 dias);<\/p>\n<p><strong>CEIR- TRIAGEM DEFICI\u00caNCIA F\u00cdSICA ADULTO (a partir de 18 anos).<\/strong><\/p>\n<p>5\u00ba passo: Havendo vagas, o sistema ir\u00e1 informar o profissional, dia e o hor\u00e1rio da triagem no CEIR.<\/p>\n<p>Pronto, voc\u00ea j\u00e1 sai com o dia e a hora da primeira consulta no CEIR e dever\u00e1 comparecer na data agendada, levando o encaminhamento com a autoriza\u00e7\u00e3o e os documentos;<\/p>\n<p>Caso n\u00e3o haja vagas, o operador entregar\u00e1 um informativo com o n\u00famero de regula\u00e7\u00e3o e o usu\u00e1rio poder\u00e1 acompanhar a situa\u00e7\u00e3o atrav\u00e9s do site: <a href=\"http:\/\/sus.teresina.pi.gov.br\/confirmacao-de-consulta\/\">http:\/\/sus.teresina.pi.gov.br\/confirmacao-de-consulta\/<\/a>. Se, ap\u00f3s 03 (tr\u00eas) meses, n\u00e3o for agendado, o usu\u00e1rio dever\u00e1 comparecer ao posto de sa\u00fade ou \u00e0 Secretaria de Sa\u00fade do seu munic\u00edpio para solicitar a revalida\u00e7\u00e3o.<\/p>\n<p>&nbsp;<\/p>\n<hr \/>\n<hr \/>\n<p style=\"text-align: right;\"><strong><span style=\"color: #ff0000;\">+ <a style=\"color: #ff0000;\" href=\"https:\/\/www.reabilitar.org.br\/ceir\/tag\/reabilitacao-fisica\/\" target=\"_blank\" rel=\"noopener\">Not\u00edcias<\/a><\/span><\/strong><\/p>\n<hr \/>\n<p style=\"text-align: center;\"><span style=\"color: #0000ff;\">Para mais informa\u00e7\u00f5es e esclarecimentos:<\/span><\/p>\n<p style=\"text-align: center;\"><span style=\"color: #0000ff;\">(86) 3198-1500 ou <span style=\"color: #333399;\"><a style=\"color: #333399;\" href=\"mailto:same@ceir.org.br\">same@ceir.org.br<\/a>.<\/span><\/span><\/p>\n<hr \/>\n<p style=\"text-align: center;\">Estamos localizados na Avenida Higino Cunha, N\u00ba 1515, no Bairro Ilhotas, em Teresina \u2013 Piau\u00ed.<\/p>\n<hr \/>\n<h6><span style=\"color: #808080;\">\u00a0Texto: Lays Viana \u2013 Comunica\u00e7\u00e3o\u00a0Ceir<\/span><\/h6>\n<hr \/>\n","protected":false},"excerpt":{"rendered":"<p>Atendimento humanizado, especializado na reabilita\u00e7\u00e3o funcional de pessoas com defici\u00eancia no Piau\u00ed. A Reabilita\u00e7\u00e3o F\u00edsica \u00e9 feita por meio da oferta de atendimento humanizado, voltado para a pessoas com defici\u00eancias oriundas de Paralisia Cerebral, doen\u00e7as neuromusculares, malforma\u00e7\u00f5es cong\u00eanitas, Mielomeningocele, Les\u00f5es Encef\u00e1licas Adquiridas, Les\u00e3o Medular, sequelas de Poliomielite, amputa\u00e7\u00e3o de membros e dist\u00farbios do movimento. Tendo [&hellip;]<\/p>\n","protected":false},"author":2,"featured_media":13095,"comment_status":"open","ping_status":"open","sticky":false,"template":"","format":"standard","meta":[],"categories":[2],"tags":[202],"acf":[],"_links":{"self":[{"href":"https:\/\/www.reabilitar.org.br\/ceir\/wp-json\/wp\/v2\/posts\/309"}],"collection":[{"href":"https:\/\/www.reabilitar.org.br\/ceir\/wp-json\/wp\/v2\/posts"}],"about":[{"href":"https:\/\/www.reabilitar.org.br\/ceir\/wp-json\/wp\/v2\/types\/post"}],"author":[{"embeddable":true,"href":"https:\/\/www.reabilitar.org.br\/ceir\/wp-json\/wp\/v2\/users\/2"}],"replies":[{"embeddable":true,"href":"https:\/\/www.reabilitar.org.br\/ceir\/wp-json\/wp\/v2\/comments?post=309"}],"version-history":[{"count":58,"href":"https:\/\/www.reabilitar.org.br\/ceir\/wp-json\/wp\/v2\/posts\/309\/revisions"}],"predecessor-version":[{"id":13117,"href":"https:\/\/www.reabilitar.org.br\/ceir\/wp-json\/wp\/v2\/posts\/309\/revisions\/13117"}],"wp:featuredmedia":[{"embeddable":true,"href":"https:\/\/www.reabilitar.org.br\/ceir\/wp-json\/wp\/v2\/media\/13095"}],"wp:attachment":[{"href":"https:\/\/www.reabilitar.org.br\/ceir\/wp-json\/wp\/v2\/media?parent=309"}],"wp:term":[{"taxonomy":"category","embeddable":true,"href":"https:\/\/www.reabilitar.org.br\/ceir\/wp-json\/wp\/v2\/categories?post=309"},{"taxonomy":"post_tag","embeddable":true,"href":"https:\/\/www.reabilitar.org.br\/ceir\/wp-json\/wp\/v2\/tags?post=309"}],"curies":[{"name":"wp","href":"https:\/\/api.w.org\/{rel}","templated":true}]}}