{"id":3762,"date":"2017-02-18T22:36:10","date_gmt":"2017-02-19T01:36:10","guid":{"rendered":"https:\/\/www.reabilitar.org.br\/ceir\/?p=3762"},"modified":"2017-10-26T11:06:28","modified_gmt":"2017-10-26T14:06:28","slug":"carnaval-da-inclusao","status":"publish","type":"post","link":"https:\/\/www.reabilitar.org.br\/ceir\/carnaval-da-inclusao\/","title":{"rendered":"Carnaval da Inclus\u00e3o"},"content":{"rendered":"<hr \/>\n<p style=\"text-align: center;\"><strong>Como manda a tradi\u00e7\u00e3o, teve Carnaval da Inclus\u00e3o!\u00a0??<\/strong><\/p>\n<hr \/>\n\n\t\t<style type=\"text\/css\">\n\t\t\t#gallery-1 {\n\t\t\t\tmargin: auto;\n\t\t\t}\n\t\t\t#gallery-1 .gallery-item {\n\t\t\t\tfloat: left;\n\t\t\t\tmargin-top: 10px;\n\t\t\t\ttext-align: center;\n\t\t\t\twidth: 20%;\n\t\t\t}\n\t\t\t#gallery-1 img {\n\t\t\t\tborder: 2px solid #cfcfcf;\n\t\t\t}\n\t\t\t#gallery-1 .gallery-caption {\n\t\t\t\tmargin-left: 0;\n\t\t\t}\n\t\t\t\/* see gallery_shortcode() in wp-includes\/media.php *\/\n\t\t<\/style>\n\t\t<div id='gallery-1' class='gallery galleryid-3762 gallery-columns-5 gallery-size-thumbnail'><dl class='gallery-item'>\n\t\t\t<dt class='gallery-icon landscape'>\n\t\t\t\t<a href='https:\/\/www.reabilitar.org.br\/ceir\/carnaval-da-inclusao\/16641123_1197584480276576_405321117113077544_n-2\/'><img width=\"150\" height=\"150\" src=\"https:\/\/www.reabilitar.org.br\/ceir\/wp-content\/uploads\/2017\/02\/16641123_1197584480276576_405321117113077544_n-1-150x150.jpg\" class=\"attachment-thumbnail size-thumbnail\" alt=\"\" loading=\"lazy\" \/><\/a>\n\t\t\t<\/dt><\/dl><dl class='gallery-item'>\n\t\t\t<dt class='gallery-icon landscape'>\n\t\t\t\t<a href='https:\/\/www.reabilitar.org.br\/ceir\/carnaval-da-inclusao\/16640845_1197809116920779_1223134282565421734_n\/'><img width=\"150\" height=\"150\" src=\"https:\/\/www.reabilitar.org.br\/ceir\/wp-content\/uploads\/2017\/02\/16640845_1197809116920779_1223134282565421734_n-150x150.jpg\" class=\"attachment-thumbnail size-thumbnail\" alt=\"\" loading=\"lazy\" \/><\/a>\n\t\t\t<\/dt><\/dl><dl class='gallery-item'>\n\t\t\t<dt class='gallery-icon landscape'>\n\t\t\t\t<a href='https:\/\/www.reabilitar.org.br\/ceir\/carnaval-da-inclusao\/16649369_1197584556943235_8430652627398265979_n\/'><img width=\"150\" height=\"150\" src=\"https:\/\/www.reabilitar.org.br\/ceir\/wp-content\/uploads\/2017\/02\/16649369_1197584556943235_8430652627398265979_n-150x150.jpg\" class=\"attachment-thumbnail size-thumbnail\" alt=\"\" loading=\"lazy\" \/><\/a>\n\t\t\t<\/dt><\/dl><dl class='gallery-item'>\n\t\t\t<dt class='gallery-icon landscape'>\n\t\t\t\t<a href='https:\/\/www.reabilitar.org.br\/ceir\/carnaval-da-inclusao\/16681530_1197808843587473_2574274676926466681_n\/'><img width=\"150\" height=\"150\" src=\"https:\/\/www.reabilitar.org.br\/ceir\/wp-content\/uploads\/2017\/02\/16681530_1197808843587473_2574274676926466681_n-150x150.jpg\" class=\"attachment-thumbnail size-thumbnail\" alt=\"\" loading=\"lazy\" \/><\/a>\n\t\t\t<\/dt><\/dl><dl class='gallery-item'>\n\t\t\t<dt class='gallery-icon landscape'>\n\t\t\t\t<a href='https:\/\/www.reabilitar.org.br\/ceir\/carnaval-da-inclusao\/16681667_1197808850254139_4641735429383463191_n\/'><img width=\"150\" height=\"150\" src=\"https:\/\/www.reabilitar.org.br\/ceir\/wp-content\/uploads\/2017\/02\/16681667_1197808850254139_4641735429383463191_n-150x150.jpg\" class=\"attachment-thumbnail size-thumbnail\" alt=\"\" loading=\"lazy\" \/><\/a>\n\t\t\t<\/dt><\/dl><br style=\"clear: both\" \/><dl class='gallery-item'>\n\t\t\t<dt class='gallery-icon landscape'>\n\t\t\t\t<a href='https:\/\/www.reabilitar.org.br\/ceir\/carnaval-da-inclusao\/16684208_1197584536943237_8121739939710247018_n\/'><img width=\"150\" height=\"150\" src=\"https:\/\/www.reabilitar.org.br\/ceir\/wp-content\/uploads\/2017\/02\/16684208_1197584536943237_8121739939710247018_n-150x150.jpg\" class=\"attachment-thumbnail size-thumbnail\" alt=\"\" loading=\"lazy\" \/><\/a>\n\t\t\t<\/dt><\/dl><dl class='gallery-item'>\n\t\t\t<dt class='gallery-icon landscape'>\n\t\t\t\t<a href='https:\/\/www.reabilitar.org.br\/ceir\/carnaval-da-inclusao\/16711704_1197584366943254_8664480720324030763_n-1\/'><img width=\"150\" height=\"150\" src=\"https:\/\/www.reabilitar.org.br\/ceir\/wp-content\/uploads\/2017\/02\/16711704_1197584366943254_8664480720324030763_n-1-150x150.jpg\" class=\"attachment-thumbnail size-thumbnail\" alt=\"\" loading=\"lazy\" \/><\/a>\n\t\t\t<\/dt><\/dl><dl class='gallery-item'>\n\t\t\t<dt class='gallery-icon landscape'>\n\t\t\t\t<a href='https:\/\/www.reabilitar.org.br\/ceir\/carnaval-da-inclusao\/16711704_1197584366943254_8664480720324030763_n-2\/'><img width=\"150\" height=\"150\" src=\"https:\/\/www.reabilitar.org.br\/ceir\/wp-content\/uploads\/2017\/02\/16711704_1197584366943254_8664480720324030763_n-2-150x150.jpg\" class=\"attachment-thumbnail size-thumbnail\" alt=\"\" loading=\"lazy\" \/><\/a>\n\t\t\t<\/dt><\/dl><dl class='gallery-item'>\n\t\t\t<dt class='gallery-icon landscape'>\n\t\t\t\t<a href='https:\/\/www.reabilitar.org.br\/ceir\/carnaval-da-inclusao\/16730141_1197809163587441_2869791875804362524_n\/'><img width=\"150\" height=\"150\" src=\"https:\/\/www.reabilitar.org.br\/ceir\/wp-content\/uploads\/2017\/02\/16730141_1197809163587441_2869791875804362524_n-150x150.jpg\" class=\"attachment-thumbnail size-thumbnail\" alt=\"\" loading=\"lazy\" \/><\/a>\n\t\t\t<\/dt><\/dl><dl class='gallery-item'>\n\t\t\t<dt class='gallery-icon landscape'>\n\t\t\t\t<a href='https:\/\/www.reabilitar.org.br\/ceir\/carnaval-da-inclusao\/16730421_1197808766920814_3042867396806806666_n\/'><img width=\"150\" height=\"150\" src=\"https:\/\/www.reabilitar.org.br\/ceir\/wp-content\/uploads\/2017\/02\/16730421_1197808766920814_3042867396806806666_n-150x150.jpg\" class=\"attachment-thumbnail size-thumbnail\" alt=\"\" loading=\"lazy\" \/><\/a>\n\t\t\t<\/dt><\/dl><br style=\"clear: both\" \/>\n\t\t<\/div>\n\n<hr \/>\n<p><strong>Not\u00edcias \u2013\u00a0<\/strong><a href=\"https:\/\/goo.gl\/zr6mdW\" target=\"_blank\">https:\/\/goo.gl\/zr6mdW<\/a><\/p>\n<p><strong>P\u00e1gina \u2013 <\/strong><a href=\"https:\/\/goo.gl\/9oC6jz\" target=\"_blank\">https:\/\/goo.gl\/9oC6jz<\/a><\/p>\n<hr \/>\n<p>&nbsp;<\/p>\n<p style=\"text-align: center;\"><strong><em>\u00a0<\/em><\/strong><\/p>\n","protected":false},"excerpt":{"rendered":"<p>Como manda a tradi\u00e7\u00e3o, teve Carnaval da Inclus\u00e3o!\u00a0?? Not\u00edcias \u2013\u00a0https:\/\/goo.gl\/zr6mdW P\u00e1gina \u2013 https:\/\/goo.gl\/9oC6jz &nbsp; \u00a0<\/p>\n","protected":false},"author":2,"featured_media":3767,"comment_status":"open","ping_status":"open","sticky":false,"template":"","format":"standard","meta":[],"categories":[6],"tags":[165,32],"acf":[],"_links":{"self":[{"href":"https:\/\/www.reabilitar.org.br\/ceir\/wp-json\/wp\/v2\/posts\/3762"}],"collection":[{"href":"https:\/\/www.reabilitar.org.br\/ceir\/wp-json\/wp\/v2\/posts"}],"about":[{"href":"https:\/\/www.reabilitar.org.br\/ceir\/wp-json\/wp\/v2\/types\/post"}],"author":[{"embeddable":true,"href":"https:\/\/www.reabilitar.org.br\/ceir\/wp-json\/wp\/v2\/users\/2"}],"replies":[{"embeddable":true,"href":"https:\/\/www.reabilitar.org.br\/ceir\/wp-json\/wp\/v2\/comments?post=3762"}],"version-history":[{"count":3,"href":"https:\/\/www.reabilitar.org.br\/ceir\/wp-json\/wp\/v2\/posts\/3762\/revisions"}],"predecessor-version":[{"id":4064,"href":"https:\/\/www.reabilitar.org.br\/ceir\/wp-json\/wp\/v2\/posts\/3762\/revisions\/4064"}],"wp:featuredmedia":[{"embeddable":true,"href":"https:\/\/www.reabilitar.org.br\/ceir\/wp-json\/wp\/v2\/media\/3767"}],"wp:attachment":[{"href":"https:\/\/www.reabilitar.org.br\/ceir\/wp-json\/wp\/v2\/media?parent=3762"}],"wp:term":[{"taxonomy":"category","embeddable":true,"href":"https:\/\/www.reabilitar.org.br\/ceir\/wp-json\/wp\/v2\/categories?post=3762"},{"taxonomy":"post_tag","embeddable":true,"href":"https:\/\/www.reabilitar.org.br\/ceir\/wp-json\/wp\/v2\/tags?post=3762"}],"curies":[{"name":"wp","href":"https:\/\/api.w.org\/{rel}","templated":true}]}}