{"id":4231,"date":"2017-03-08T11:48:54","date_gmt":"2017-03-08T14:48:54","guid":{"rendered":"https:\/\/www.reabilitar.org.br\/ceir\/?p=4231"},"modified":"2017-10-26T11:04:41","modified_gmt":"2017-10-26T14:04:41","slug":"dia-da-mulher","status":"publish","type":"post","link":"https:\/\/www.reabilitar.org.br\/ceir\/dia-da-mulher\/","title":{"rendered":"Dia da Mulher"},"content":{"rendered":"<hr \/>\n<p style=\"text-align: center;\"><strong>M\u00fasica ao vivo, poesias e cora\u00e7\u00f5es. Elas merecem!\u00a0\u2764\ufe0f<\/strong><\/p>\n<hr \/>\n\n\t\t<style type=\"text\/css\">\n\t\t\t#gallery-1 {\n\t\t\t\tmargin: auto;\n\t\t\t}\n\t\t\t#gallery-1 .gallery-item {\n\t\t\t\tfloat: left;\n\t\t\t\tmargin-top: 10px;\n\t\t\t\ttext-align: center;\n\t\t\t\twidth: 16%;\n\t\t\t}\n\t\t\t#gallery-1 img {\n\t\t\t\tborder: 2px solid #cfcfcf;\n\t\t\t}\n\t\t\t#gallery-1 .gallery-caption {\n\t\t\t\tmargin-left: 0;\n\t\t\t}\n\t\t\t\/* see gallery_shortcode() in wp-includes\/media.php *\/\n\t\t<\/style>\n\t\t<div id='gallery-1' class='gallery galleryid-4231 gallery-columns-6 gallery-size-thumbnail'><dl class='gallery-item'>\n\t\t\t<dt class='gallery-icon landscape'>\n\t\t\t\t<a href='https:\/\/www.reabilitar.org.br\/ceir\/dsc_0100-4\/'><img width=\"150\" height=\"150\" src=\"https:\/\/www.reabilitar.org.br\/ceir\/wp-content\/uploads\/2017\/03\/DSC_0100-150x150.jpg\" class=\"attachment-thumbnail size-thumbnail\" alt=\"\" loading=\"lazy\" \/><\/a>\n\t\t\t<\/dt><\/dl><dl class='gallery-item'>\n\t\t\t<dt class='gallery-icon landscape'>\n\t\t\t\t<a href='https:\/\/www.reabilitar.org.br\/ceir\/dsc_0098\/'><img width=\"150\" height=\"150\" src=\"https:\/\/www.reabilitar.org.br\/ceir\/wp-content\/uploads\/2017\/03\/DSC_0098-150x150.jpg\" class=\"attachment-thumbnail size-thumbnail\" alt=\"\" loading=\"lazy\" \/><\/a>\n\t\t\t<\/dt><\/dl><dl class='gallery-item'>\n\t\t\t<dt class='gallery-icon landscape'>\n\t\t\t\t<a href='https:\/\/www.reabilitar.org.br\/ceir\/dsc_0095-5\/'><img width=\"150\" height=\"150\" src=\"https:\/\/www.reabilitar.org.br\/ceir\/wp-content\/uploads\/2017\/03\/DSC_0095-150x150.jpg\" class=\"attachment-thumbnail size-thumbnail\" alt=\"\" loading=\"lazy\" \/><\/a>\n\t\t\t<\/dt><\/dl><dl class='gallery-item'>\n\t\t\t<dt class='gallery-icon landscape'>\n\t\t\t\t<a href='https:\/\/www.reabilitar.org.br\/ceir\/dsc_0091-2\/'><img width=\"150\" height=\"150\" src=\"https:\/\/www.reabilitar.org.br\/ceir\/wp-content\/uploads\/2017\/03\/DSC_0091-150x150.jpg\" class=\"attachment-thumbnail size-thumbnail\" alt=\"\" loading=\"lazy\" \/><\/a>\n\t\t\t<\/dt><\/dl><dl class='gallery-item'>\n\t\t\t<dt class='gallery-icon landscape'>\n\t\t\t\t<a href='https:\/\/www.reabilitar.org.br\/ceir\/dsc_0089\/'><img width=\"150\" height=\"150\" src=\"https:\/\/www.reabilitar.org.br\/ceir\/wp-content\/uploads\/2017\/03\/DSC_0089-150x150.jpg\" class=\"attachment-thumbnail size-thumbnail\" alt=\"\" loading=\"lazy\" \/><\/a>\n\t\t\t<\/dt><\/dl><dl class='gallery-item'>\n\t\t\t<dt class='gallery-icon landscape'>\n\t\t\t\t<a href='https:\/\/www.reabilitar.org.br\/ceir\/dsc_0064-4\/'><img width=\"150\" height=\"150\" src=\"https:\/\/www.reabilitar.org.br\/ceir\/wp-content\/uploads\/2017\/03\/DSC_0064-150x150.jpg\" class=\"attachment-thumbnail size-thumbnail\" alt=\"\" loading=\"lazy\" \/><\/a>\n\t\t\t<\/dt><\/dl><br style=\"clear: both\" \/><dl class='gallery-item'>\n\t\t\t<dt class='gallery-icon landscape'>\n\t\t\t\t<a href='https:\/\/www.reabilitar.org.br\/ceir\/dsc_0068-2\/'><img width=\"150\" height=\"150\" src=\"https:\/\/www.reabilitar.org.br\/ceir\/wp-content\/uploads\/2017\/03\/DSC_0068-150x150.jpg\" class=\"attachment-thumbnail size-thumbnail\" alt=\"\" loading=\"lazy\" \/><\/a>\n\t\t\t<\/dt><\/dl><dl class='gallery-item'>\n\t\t\t<dt class='gallery-icon landscape'>\n\t\t\t\t<a href='https:\/\/www.reabilitar.org.br\/ceir\/dsc_0082-3\/'><img width=\"150\" height=\"150\" src=\"https:\/\/www.reabilitar.org.br\/ceir\/wp-content\/uploads\/2017\/03\/DSC_0082-150x150.jpg\" class=\"attachment-thumbnail size-thumbnail\" alt=\"\" loading=\"lazy\" \/><\/a>\n\t\t\t<\/dt><\/dl><dl class='gallery-item'>\n\t\t\t<dt class='gallery-icon landscape'>\n\t\t\t\t<a href='https:\/\/www.reabilitar.org.br\/ceir\/dsc_0085-3\/'><img width=\"150\" height=\"150\" src=\"https:\/\/www.reabilitar.org.br\/ceir\/wp-content\/uploads\/2017\/03\/DSC_0085-150x150.jpg\" class=\"attachment-thumbnail size-thumbnail\" alt=\"\" loading=\"lazy\" \/><\/a>\n\t\t\t<\/dt><\/dl><dl class='gallery-item'>\n\t\t\t<dt class='gallery-icon landscape'>\n\t\t\t\t<a href='https:\/\/www.reabilitar.org.br\/ceir\/dsc_0087-3\/'><img width=\"150\" height=\"150\" src=\"https:\/\/www.reabilitar.org.br\/ceir\/wp-content\/uploads\/2017\/03\/DSC_0087-150x150.jpg\" class=\"attachment-thumbnail size-thumbnail\" alt=\"\" loading=\"lazy\" \/><\/a>\n\t\t\t<\/dt><\/dl><dl class='gallery-item'>\n\t\t\t<dt class='gallery-icon landscape'>\n\t\t\t\t<a href='https:\/\/www.reabilitar.org.br\/ceir\/dsc_0060\/'><img width=\"150\" height=\"150\" src=\"https:\/\/www.reabilitar.org.br\/ceir\/wp-content\/uploads\/2017\/03\/DSC_0060-150x150.jpg\" class=\"attachment-thumbnail size-thumbnail\" alt=\"\" loading=\"lazy\" \/><\/a>\n\t\t\t<\/dt><\/dl><dl class='gallery-item'>\n\t\t\t<dt class='gallery-icon landscape'>\n\t\t\t\t<a href='https:\/\/www.reabilitar.org.br\/ceir\/dsc_0049\/'><img width=\"150\" height=\"150\" src=\"https:\/\/www.reabilitar.org.br\/ceir\/wp-content\/uploads\/2017\/03\/DSC_0049-150x150.jpg\" class=\"attachment-thumbnail size-thumbnail\" alt=\"\" loading=\"lazy\" \/><\/a>\n\t\t\t<\/dt><\/dl><br style=\"clear: both\" \/><dl class='gallery-item'>\n\t\t\t<dt class='gallery-icon landscape'>\n\t\t\t\t<a href='https:\/\/www.reabilitar.org.br\/ceir\/dsc_0047-2\/'><img width=\"150\" height=\"150\" src=\"https:\/\/www.reabilitar.org.br\/ceir\/wp-content\/uploads\/2017\/03\/DSC_0047-150x150.jpg\" class=\"attachment-thumbnail size-thumbnail\" alt=\"\" loading=\"lazy\" \/><\/a>\n\t\t\t<\/dt><\/dl><dl class='gallery-item'>\n\t\t\t<dt class='gallery-icon landscape'>\n\t\t\t\t<a href='https:\/\/www.reabilitar.org.br\/ceir\/dsc_0046-2\/'><img width=\"150\" height=\"150\" src=\"https:\/\/www.reabilitar.org.br\/ceir\/wp-content\/uploads\/2017\/03\/DSC_0046-150x150.jpg\" class=\"attachment-thumbnail size-thumbnail\" alt=\"\" loading=\"lazy\" \/><\/a>\n\t\t\t<\/dt><\/dl><dl class='gallery-item'>\n\t\t\t<dt class='gallery-icon landscape'>\n\t\t\t\t<a href='https:\/\/www.reabilitar.org.br\/ceir\/dsc_0043-4\/'><img width=\"150\" height=\"150\" src=\"https:\/\/www.reabilitar.org.br\/ceir\/wp-content\/uploads\/2017\/03\/DSC_0043-150x150.jpg\" class=\"attachment-thumbnail size-thumbnail\" alt=\"\" loading=\"lazy\" \/><\/a>\n\t\t\t<\/dt><\/dl><dl class='gallery-item'>\n\t\t\t<dt class='gallery-icon landscape'>\n\t\t\t\t<a href='https:\/\/www.reabilitar.org.br\/ceir\/dsc_0024\/'><img width=\"150\" height=\"150\" src=\"https:\/\/www.reabilitar.org.br\/ceir\/wp-content\/uploads\/2017\/03\/DSC_0024-150x150.jpg\" class=\"attachment-thumbnail size-thumbnail\" alt=\"\" loading=\"lazy\" \/><\/a>\n\t\t\t<\/dt><\/dl><dl class='gallery-item'>\n\t\t\t<dt class='gallery-icon landscape'>\n\t\t\t\t<a href='https:\/\/www.reabilitar.org.br\/ceir\/dsc_0030\/'><img width=\"150\" height=\"150\" src=\"https:\/\/www.reabilitar.org.br\/ceir\/wp-content\/uploads\/2017\/03\/DSC_0030-150x150.jpg\" class=\"attachment-thumbnail size-thumbnail\" alt=\"\" loading=\"lazy\" \/><\/a>\n\t\t\t<\/dt><\/dl><dl class='gallery-item'>\n\t\t\t<dt class='gallery-icon landscape'>\n\t\t\t\t<a href='https:\/\/www.reabilitar.org.br\/ceir\/dsc_0033-5\/'><img width=\"150\" height=\"150\" src=\"https:\/\/www.reabilitar.org.br\/ceir\/wp-content\/uploads\/2017\/03\/DSC_0033-150x150.jpg\" class=\"attachment-thumbnail size-thumbnail\" alt=\"\" loading=\"lazy\" \/><\/a>\n\t\t\t<\/dt><\/dl><br style=\"clear: both\" \/><dl class='gallery-item'>\n\t\t\t<dt class='gallery-icon landscape'>\n\t\t\t\t<a href='https:\/\/www.reabilitar.org.br\/ceir\/dsc_0037-4\/'><img width=\"150\" height=\"150\" src=\"https:\/\/www.reabilitar.org.br\/ceir\/wp-content\/uploads\/2017\/03\/DSC_0037-150x150.jpg\" class=\"attachment-thumbnail size-thumbnail\" alt=\"\" loading=\"lazy\" \/><\/a>\n\t\t\t<\/dt><\/dl><dl class='gallery-item'>\n\t\t\t<dt class='gallery-icon landscape'>\n\t\t\t\t<a href='https:\/\/www.reabilitar.org.br\/ceir\/dsc_0040-4\/'><img width=\"150\" height=\"150\" src=\"https:\/\/www.reabilitar.org.br\/ceir\/wp-content\/uploads\/2017\/03\/DSC_0040-150x150.jpg\" class=\"attachment-thumbnail size-thumbnail\" alt=\"\" loading=\"lazy\" \/><\/a>\n\t\t\t<\/dt><\/dl><dl class='gallery-item'>\n\t\t\t<dt class='gallery-icon landscape'>\n\t\t\t\t<a href='https:\/\/www.reabilitar.org.br\/ceir\/dsc_0022-3\/'><img width=\"150\" height=\"150\" src=\"https:\/\/www.reabilitar.org.br\/ceir\/wp-content\/uploads\/2017\/03\/DSC_0022-150x150.jpg\" class=\"attachment-thumbnail size-thumbnail\" alt=\"\" loading=\"lazy\" \/><\/a>\n\t\t\t<\/dt><\/dl><dl class='gallery-item'>\n\t\t\t<dt class='gallery-icon landscape'>\n\t\t\t\t<a href='https:\/\/www.reabilitar.org.br\/ceir\/dsc_0020-2\/'><img width=\"150\" height=\"150\" src=\"https:\/\/www.reabilitar.org.br\/ceir\/wp-content\/uploads\/2017\/03\/DSC_0020-150x150.jpg\" class=\"attachment-thumbnail size-thumbnail\" alt=\"\" loading=\"lazy\" \/><\/a>\n\t\t\t<\/dt><\/dl><dl class='gallery-item'>\n\t\t\t<dt class='gallery-icon landscape'>\n\t\t\t\t<a href='https:\/\/www.reabilitar.org.br\/ceir\/dsc_0017-2\/'><img width=\"150\" height=\"150\" src=\"https:\/\/www.reabilitar.org.br\/ceir\/wp-content\/uploads\/2017\/03\/DSC_0017-150x150.jpg\" class=\"attachment-thumbnail size-thumbnail\" alt=\"\" loading=\"lazy\" \/><\/a>\n\t\t\t<\/dt><\/dl><dl class='gallery-item'>\n\t\t\t<dt class='gallery-icon landscape'>\n\t\t\t\t<a href='https:\/\/www.reabilitar.org.br\/ceir\/dsc_0015-4\/'><img width=\"150\" height=\"150\" src=\"https:\/\/www.reabilitar.org.br\/ceir\/wp-content\/uploads\/2017\/03\/DSC_0015-150x150.jpg\" class=\"attachment-thumbnail size-thumbnail\" alt=\"\" loading=\"lazy\" \/><\/a>\n\t\t\t<\/dt><\/dl><br style=\"clear: both\" \/><dl class='gallery-item'>\n\t\t\t<dt class='gallery-icon landscape'>\n\t\t\t\t<a href='https:\/\/www.reabilitar.org.br\/ceir\/dsc_0010-5\/'><img width=\"150\" height=\"150\" src=\"https:\/\/www.reabilitar.org.br\/ceir\/wp-content\/uploads\/2017\/03\/DSC_0010-150x150.jpg\" class=\"attachment-thumbnail size-thumbnail\" alt=\"\" loading=\"lazy\" \/><\/a>\n\t\t\t<\/dt><\/dl><dl class='gallery-item'>\n\t\t\t<dt class='gallery-icon landscape'>\n\t\t\t\t<a href='https:\/\/www.reabilitar.org.br\/ceir\/dsc_0003-5\/'><img width=\"150\" height=\"150\" src=\"https:\/\/www.reabilitar.org.br\/ceir\/wp-content\/uploads\/2017\/03\/DSC_0003-150x150.jpg\" class=\"attachment-thumbnail size-thumbnail\" alt=\"\" loading=\"lazy\" \/><\/a>\n\t\t\t<\/dt><\/dl><dl class='gallery-item'>\n\t\t\t<dt class='gallery-icon landscape'>\n\t\t\t\t<a href='https:\/\/www.reabilitar.org.br\/ceir\/dsc_0012-2\/'><img width=\"150\" height=\"150\" src=\"https:\/\/www.reabilitar.org.br\/ceir\/wp-content\/uploads\/2017\/03\/DSC_0012-150x150.jpg\" class=\"attachment-thumbnail size-thumbnail\" alt=\"\" loading=\"lazy\" \/><\/a>\n\t\t\t<\/dt><\/dl><dl class='gallery-item'>\n\t\t\t<dt class='gallery-icon landscape'>\n\t\t\t\t<a href='https:\/\/www.reabilitar.org.br\/ceir\/dsc_0014-4\/'><img width=\"150\" height=\"150\" src=\"https:\/\/www.reabilitar.org.br\/ceir\/wp-content\/uploads\/2017\/03\/DSC_0014-150x150.jpg\" class=\"attachment-thumbnail size-thumbnail\" alt=\"\" loading=\"lazy\" \/><\/a>\n\t\t\t<\/dt><\/dl><dl class='gallery-item'>\n\t\t\t<dt class='gallery-icon landscape'>\n\t\t\t\t<a href='https:\/\/www.reabilitar.org.br\/ceir\/24-2\/'><img width=\"150\" height=\"150\" src=\"https:\/\/www.reabilitar.org.br\/ceir\/wp-content\/uploads\/2017\/03\/24-150x150.jpg\" class=\"attachment-thumbnail size-thumbnail\" alt=\"\" loading=\"lazy\" \/><\/a>\n\t\t\t<\/dt><\/dl><dl class='gallery-item'>\n\t\t\t<dt class='gallery-icon landscape'>\n\t\t\t\t<a href='https:\/\/www.reabilitar.org.br\/ceir\/23-2\/'><img width=\"150\" height=\"150\" src=\"https:\/\/www.reabilitar.org.br\/ceir\/wp-content\/uploads\/2017\/03\/23-150x150.jpg\" class=\"attachment-thumbnail size-thumbnail\" alt=\"\" loading=\"lazy\" \/><\/a>\n\t\t\t<\/dt><\/dl><br style=\"clear: both\" \/><dl class='gallery-item'>\n\t\t\t<dt class='gallery-icon landscape'>\n\t\t\t\t<a href='https:\/\/www.reabilitar.org.br\/ceir\/22-2\/'><img width=\"150\" height=\"150\" src=\"https:\/\/www.reabilitar.org.br\/ceir\/wp-content\/uploads\/2017\/03\/22-150x150.jpg\" class=\"attachment-thumbnail size-thumbnail\" alt=\"\" loading=\"lazy\" \/><\/a>\n\t\t\t<\/dt><\/dl><dl class='gallery-item'>\n\t\t\t<dt class='gallery-icon landscape'>\n\t\t\t\t<a href='https:\/\/www.reabilitar.org.br\/ceir\/21-3\/'><img width=\"150\" height=\"150\" src=\"https:\/\/www.reabilitar.org.br\/ceir\/wp-content\/uploads\/2017\/03\/21-150x150.jpg\" class=\"attachment-thumbnail size-thumbnail\" alt=\"\" loading=\"lazy\" \/><\/a>\n\t\t\t<\/dt><\/dl><dl class='gallery-item'>\n\t\t\t<dt class='gallery-icon landscape'>\n\t\t\t\t<a href='https:\/\/www.reabilitar.org.br\/ceir\/20-5\/'><img width=\"150\" height=\"150\" src=\"https:\/\/www.reabilitar.org.br\/ceir\/wp-content\/uploads\/2017\/03\/20-150x150.jpg\" class=\"attachment-thumbnail size-thumbnail\" alt=\"\" loading=\"lazy\" \/><\/a>\n\t\t\t<\/dt><\/dl><dl class='gallery-item'>\n\t\t\t<dt class='gallery-icon landscape'>\n\t\t\t\t<a href='https:\/\/www.reabilitar.org.br\/ceir\/15-5\/'><img width=\"150\" height=\"150\" src=\"https:\/\/www.reabilitar.org.br\/ceir\/wp-content\/uploads\/2017\/03\/15-150x150.jpg\" class=\"attachment-thumbnail size-thumbnail\" alt=\"\" loading=\"lazy\" \/><\/a>\n\t\t\t<\/dt><\/dl><dl class='gallery-item'>\n\t\t\t<dt class='gallery-icon landscape'>\n\t\t\t\t<a href='https:\/\/www.reabilitar.org.br\/ceir\/17-6\/'><img width=\"150\" height=\"150\" src=\"https:\/\/www.reabilitar.org.br\/ceir\/wp-content\/uploads\/2017\/03\/17-150x150.jpg\" class=\"attachment-thumbnail size-thumbnail\" alt=\"\" loading=\"lazy\" \/><\/a>\n\t\t\t<\/dt><\/dl><dl class='gallery-item'>\n\t\t\t<dt class='gallery-icon landscape'>\n\t\t\t\t<a href='https:\/\/www.reabilitar.org.br\/ceir\/18-4\/'><img width=\"150\" height=\"150\" src=\"https:\/\/www.reabilitar.org.br\/ceir\/wp-content\/uploads\/2017\/03\/18-150x150.jpg\" class=\"attachment-thumbnail size-thumbnail\" alt=\"\" loading=\"lazy\" \/><\/a>\n\t\t\t<\/dt><\/dl><br style=\"clear: both\" \/><dl class='gallery-item'>\n\t\t\t<dt class='gallery-icon landscape'>\n\t\t\t\t<a href='https:\/\/www.reabilitar.org.br\/ceir\/19-5\/'><img width=\"150\" height=\"150\" src=\"https:\/\/www.reabilitar.org.br\/ceir\/wp-content\/uploads\/2017\/03\/19-150x150.jpg\" class=\"attachment-thumbnail size-thumbnail\" alt=\"\" loading=\"lazy\" \/><\/a>\n\t\t\t<\/dt><\/dl><dl class='gallery-item'>\n\t\t\t<dt class='gallery-icon landscape'>\n\t\t\t\t<a href='https:\/\/www.reabilitar.org.br\/ceir\/14-6\/'><img width=\"150\" height=\"150\" src=\"https:\/\/www.reabilitar.org.br\/ceir\/wp-content\/uploads\/2017\/03\/14-150x150.jpg\" class=\"attachment-thumbnail size-thumbnail\" alt=\"\" loading=\"lazy\" \/><\/a>\n\t\t\t<\/dt><\/dl><dl class='gallery-item'>\n\t\t\t<dt class='gallery-icon landscape'>\n\t\t\t\t<a href='https:\/\/www.reabilitar.org.br\/ceir\/13-5\/'><img width=\"150\" height=\"150\" src=\"https:\/\/www.reabilitar.org.br\/ceir\/wp-content\/uploads\/2017\/03\/13-150x150.jpg\" class=\"attachment-thumbnail size-thumbnail\" alt=\"\" loading=\"lazy\" \/><\/a>\n\t\t\t<\/dt><\/dl><dl class='gallery-item'>\n\t\t\t<dt class='gallery-icon landscape'>\n\t\t\t\t<a href='https:\/\/www.reabilitar.org.br\/ceir\/12-7\/'><img width=\"150\" height=\"150\" src=\"https:\/\/www.reabilitar.org.br\/ceir\/wp-content\/uploads\/2017\/03\/12-150x150.jpg\" class=\"attachment-thumbnail size-thumbnail\" alt=\"\" loading=\"lazy\" \/><\/a>\n\t\t\t<\/dt><\/dl><dl class='gallery-item'>\n\t\t\t<dt class='gallery-icon landscape'>\n\t\t\t\t<a href='https:\/\/www.reabilitar.org.br\/ceir\/11-5\/'><img width=\"150\" height=\"150\" src=\"https:\/\/www.reabilitar.org.br\/ceir\/wp-content\/uploads\/2017\/03\/11-150x150.jpg\" class=\"attachment-thumbnail size-thumbnail\" alt=\"\" loading=\"lazy\" \/><\/a>\n\t\t\t<\/dt><\/dl><dl class='gallery-item'>\n\t\t\t<dt class='gallery-icon landscape'>\n\t\t\t\t<a href='https:\/\/www.reabilitar.org.br\/ceir\/9-6\/'><img width=\"150\" height=\"150\" src=\"https:\/\/www.reabilitar.org.br\/ceir\/wp-content\/uploads\/2017\/03\/9-150x150.jpg\" class=\"attachment-thumbnail size-thumbnail\" alt=\"\" loading=\"lazy\" \/><\/a>\n\t\t\t<\/dt><\/dl><br style=\"clear: both\" \/><dl class='gallery-item'>\n\t\t\t<dt class='gallery-icon landscape'>\n\t\t\t\t<a href='https:\/\/www.reabilitar.org.br\/ceir\/4-7\/'><img width=\"150\" height=\"150\" src=\"https:\/\/www.reabilitar.org.br\/ceir\/wp-content\/uploads\/2017\/03\/4-150x150.jpg\" class=\"attachment-thumbnail size-thumbnail\" alt=\"\" loading=\"lazy\" \/><\/a>\n\t\t\t<\/dt><\/dl><dl class='gallery-item'>\n\t\t\t<dt class='gallery-icon landscape'>\n\t\t\t\t<a href='https:\/\/www.reabilitar.org.br\/ceir\/5-7\/'><img width=\"150\" height=\"150\" src=\"https:\/\/www.reabilitar.org.br\/ceir\/wp-content\/uploads\/2017\/03\/5-150x150.jpg\" class=\"attachment-thumbnail size-thumbnail\" alt=\"\" loading=\"lazy\" \/><\/a>\n\t\t\t<\/dt><\/dl><dl class='gallery-item'>\n\t\t\t<dt class='gallery-icon landscape'>\n\t\t\t\t<a href='https:\/\/www.reabilitar.org.br\/ceir\/6-8\/'><img width=\"150\" height=\"150\" src=\"https:\/\/www.reabilitar.org.br\/ceir\/wp-content\/uploads\/2017\/03\/6-150x150.jpg\" class=\"attachment-thumbnail size-thumbnail\" alt=\"\" loading=\"lazy\" \/><\/a>\n\t\t\t<\/dt><\/dl><dl class='gallery-item'>\n\t\t\t<dt class='gallery-icon landscape'>\n\t\t\t\t<a href='https:\/\/www.reabilitar.org.br\/ceir\/2-7\/'><img width=\"150\" height=\"150\" src=\"https:\/\/www.reabilitar.org.br\/ceir\/wp-content\/uploads\/2017\/03\/2-150x150.jpg\" class=\"attachment-thumbnail size-thumbnail\" alt=\"\" loading=\"lazy\" \/><\/a>\n\t\t\t<\/dt><\/dl><dl class='gallery-item'>\n\t\t\t<dt class='gallery-icon landscape'>\n\t\t\t\t<a href='https:\/\/www.reabilitar.org.br\/ceir\/7-9\/'><img width=\"150\" height=\"150\" src=\"https:\/\/www.reabilitar.org.br\/ceir\/wp-content\/uploads\/2017\/03\/7-150x150.jpg\" class=\"attachment-thumbnail size-thumbnail\" alt=\"\" loading=\"lazy\" \/><\/a>\n\t\t\t<\/dt><\/dl><dl class='gallery-item'>\n\t\t\t<dt class='gallery-icon landscape'>\n\t\t\t\t<a href='https:\/\/www.reabilitar.org.br\/ceir\/8-8\/'><img width=\"150\" height=\"150\" src=\"https:\/\/www.reabilitar.org.br\/ceir\/wp-content\/uploads\/2017\/03\/8-150x150.jpg\" class=\"attachment-thumbnail size-thumbnail\" alt=\"\" loading=\"lazy\" \/><\/a>\n\t\t\t<\/dt><\/dl><br style=\"clear: both\" \/>\n\t\t<\/div>\n\n<hr \/>\n<p><strong>Not\u00edcias \u2013 <\/strong><a href=\"https:\/\/goo.gl\/bxge0N\" target=\"_blank\">https:\/\/goo.gl\/bxge0N<\/a><\/p>\n<hr \/>\n<p>&nbsp;<\/p>\n","protected":false},"excerpt":{"rendered":"<p>M\u00fasica ao vivo, poesias e cora\u00e7\u00f5es. Elas merecem!\u00a0\u2764\ufe0f Not\u00edcias \u2013 https:\/\/goo.gl\/bxge0N &nbsp;<\/p>\n","protected":false},"author":2,"featured_media":4213,"comment_status":"open","ping_status":"open","sticky":false,"template":"","format":"standard","meta":[],"categories":[6],"tags":[173,32],"acf":[],"_links":{"self":[{"href":"https:\/\/www.reabilitar.org.br\/ceir\/wp-json\/wp\/v2\/posts\/4231"}],"collection":[{"href":"https:\/\/www.reabilitar.org.br\/ceir\/wp-json\/wp\/v2\/posts"}],"about":[{"href":"https:\/\/www.reabilitar.org.br\/ceir\/wp-json\/wp\/v2\/types\/post"}],"author":[{"embeddable":true,"href":"https:\/\/www.reabilitar.org.br\/ceir\/wp-json\/wp\/v2\/users\/2"}],"replies":[{"embeddable":true,"href":"https:\/\/www.reabilitar.org.br\/ceir\/wp-json\/wp\/v2\/comments?post=4231"}],"version-history":[{"count":3,"href":"https:\/\/www.reabilitar.org.br\/ceir\/wp-json\/wp\/v2\/posts\/4231\/revisions"}],"predecessor-version":[{"id":4264,"href":"https:\/\/www.reabilitar.org.br\/ceir\/wp-json\/wp\/v2\/posts\/4231\/revisions\/4264"}],"wp:featuredmedia":[{"embeddable":true,"href":"https:\/\/www.reabilitar.org.br\/ceir\/wp-json\/wp\/v2\/media\/4213"}],"wp:attachment":[{"href":"https:\/\/www.reabilitar.org.br\/ceir\/wp-json\/wp\/v2\/media?parent=4231"}],"wp:term":[{"taxonomy":"category","embeddable":true,"href":"https:\/\/www.reabilitar.org.br\/ceir\/wp-json\/wp\/v2\/categories?post=4231"},{"taxonomy":"post_tag","embeddable":true,"href":"https:\/\/www.reabilitar.org.br\/ceir\/wp-json\/wp\/v2\/tags?post=4231"}],"curies":[{"name":"wp","href":"https:\/\/api.w.org\/{rel}","templated":true}]}}