{"id":5302,"date":"2017-06-08T13:04:11","date_gmt":"2017-06-08T16:04:11","guid":{"rendered":"https:\/\/www.reabilitar.org.br\/ceir\/?p=5302"},"modified":"2017-10-26T10:56:24","modified_gmt":"2017-10-26T13:56:24","slug":"arraia-da-inclusao","status":"publish","type":"post","link":"https:\/\/www.reabilitar.org.br\/ceir\/arraia-da-inclusao\/","title":{"rendered":"Arrai\u00e1 da Inclus\u00e3o"},"content":{"rendered":"<hr \/>\n<p style=\"text-align: center;\"><strong>A grande roda abriu para a inclus\u00e3o e fizemos bater forte cada cora\u00e7\u00e3o!\u00a0\u2764<\/strong><\/p>\n<hr \/>\n\n\t\t<style type=\"text\/css\">\n\t\t\t#gallery-1 {\n\t\t\t\tmargin: auto;\n\t\t\t}\n\t\t\t#gallery-1 .gallery-item {\n\t\t\t\tfloat: left;\n\t\t\t\tmargin-top: 10px;\n\t\t\t\ttext-align: center;\n\t\t\t\twidth: 11%;\n\t\t\t}\n\t\t\t#gallery-1 img {\n\t\t\t\tborder: 2px solid #cfcfcf;\n\t\t\t}\n\t\t\t#gallery-1 .gallery-caption {\n\t\t\t\tmargin-left: 0;\n\t\t\t}\n\t\t\t\/* see gallery_shortcode() in wp-includes\/media.php *\/\n\t\t<\/style>\n\t\t<div id='gallery-1' class='gallery galleryid-5302 gallery-columns-9 gallery-size-thumbnail'><dl class='gallery-item'>\n\t\t\t<dt class='gallery-icon landscape'>\n\t\t\t\t<a href='https:\/\/www.reabilitar.org.br\/ceir\/arraia-da-inclusao\/arraia-da-inclusao-1-2\/'><img width=\"150\" height=\"150\" src=\"https:\/\/www.reabilitar.org.br\/ceir\/wp-content\/uploads\/2017\/06\/Arrai\u00e1-da-Inclus\u00e3o-1-1-150x150.jpg\" class=\"attachment-thumbnail size-thumbnail\" alt=\"\" loading=\"lazy\" \/><\/a>\n\t\t\t<\/dt><\/dl><dl class='gallery-item'>\n\t\t\t<dt class='gallery-icon landscape'>\n\t\t\t\t<a href='https:\/\/www.reabilitar.org.br\/ceir\/arraia-da-inclusao\/arraia-da-inclusao-2-2\/'><img width=\"150\" height=\"150\" src=\"https:\/\/www.reabilitar.org.br\/ceir\/wp-content\/uploads\/2017\/06\/Arrai\u00e1-da-Inclus\u00e3o-2-1-150x150.jpg\" class=\"attachment-thumbnail size-thumbnail\" alt=\"\" loading=\"lazy\" \/><\/a>\n\t\t\t<\/dt><\/dl><dl class='gallery-item'>\n\t\t\t<dt class='gallery-icon landscape'>\n\t\t\t\t<a href='https:\/\/www.reabilitar.org.br\/ceir\/arraia-da-inclusao\/arraia-da-inclusao-3-2\/'><img width=\"150\" height=\"150\" src=\"https:\/\/www.reabilitar.org.br\/ceir\/wp-content\/uploads\/2017\/06\/Arrai\u00e1-da-Inclus\u00e3o-3-1-150x150.jpg\" class=\"attachment-thumbnail size-thumbnail\" alt=\"\" loading=\"lazy\" \/><\/a>\n\t\t\t<\/dt><\/dl><dl class='gallery-item'>\n\t\t\t<dt class='gallery-icon landscape'>\n\t\t\t\t<a href='https:\/\/www.reabilitar.org.br\/ceir\/arraia-da-inclusao\/arraia-da-inclusao-4-2\/'><img width=\"150\" height=\"150\" src=\"https:\/\/www.reabilitar.org.br\/ceir\/wp-content\/uploads\/2017\/06\/Arrai\u00e1-da-Inclus\u00e3o-4-1-150x150.jpg\" class=\"attachment-thumbnail size-thumbnail\" alt=\"\" loading=\"lazy\" \/><\/a>\n\t\t\t<\/dt><\/dl><dl class='gallery-item'>\n\t\t\t<dt class='gallery-icon landscape'>\n\t\t\t\t<a href='https:\/\/www.reabilitar.org.br\/ceir\/arraia-da-inclusao\/arraia-da-inclusao-5-2\/'><img width=\"150\" height=\"150\" src=\"https:\/\/www.reabilitar.org.br\/ceir\/wp-content\/uploads\/2017\/06\/Arrai\u00e1-da-Inclus\u00e3o-5-1-150x150.jpg\" class=\"attachment-thumbnail size-thumbnail\" alt=\"\" loading=\"lazy\" \/><\/a>\n\t\t\t<\/dt><\/dl><dl class='gallery-item'>\n\t\t\t<dt class='gallery-icon landscape'>\n\t\t\t\t<a href='https:\/\/www.reabilitar.org.br\/ceir\/arraia-da-inclusao\/arraia-da-inclusao-6-2\/'><img width=\"150\" height=\"150\" src=\"https:\/\/www.reabilitar.org.br\/ceir\/wp-content\/uploads\/2017\/06\/Arrai\u00e1-da-Inclus\u00e3o-6-1-150x150.jpg\" class=\"attachment-thumbnail size-thumbnail\" alt=\"\" loading=\"lazy\" \/><\/a>\n\t\t\t<\/dt><\/dl><dl class='gallery-item'>\n\t\t\t<dt class='gallery-icon landscape'>\n\t\t\t\t<a href='https:\/\/www.reabilitar.org.br\/ceir\/arraia-da-inclusao\/dsc_0008-8\/'><img width=\"150\" height=\"150\" src=\"https:\/\/www.reabilitar.org.br\/ceir\/wp-content\/uploads\/2017\/06\/DSC_0008-150x150.jpg\" class=\"attachment-thumbnail size-thumbnail\" alt=\"\" loading=\"lazy\" \/><\/a>\n\t\t\t<\/dt><\/dl><dl class='gallery-item'>\n\t\t\t<dt class='gallery-icon landscape'>\n\t\t\t\t<a href='https:\/\/www.reabilitar.org.br\/ceir\/arraia-da-inclusao\/dsc_0031-4\/'><img width=\"150\" height=\"150\" src=\"https:\/\/www.reabilitar.org.br\/ceir\/wp-content\/uploads\/2017\/06\/DSC_0031-150x150.jpg\" class=\"attachment-thumbnail size-thumbnail\" alt=\"\" loading=\"lazy\" \/><\/a>\n\t\t\t<\/dt><\/dl><dl class='gallery-item'>\n\t\t\t<dt class='gallery-icon landscape'>\n\t\t\t\t<a href='https:\/\/www.reabilitar.org.br\/ceir\/arraia-da-inclusao\/dsc_0047-10\/'><img width=\"150\" height=\"150\" src=\"https:\/\/www.reabilitar.org.br\/ceir\/wp-content\/uploads\/2017\/06\/DSC_0047-1-150x150.jpg\" class=\"attachment-thumbnail size-thumbnail\" alt=\"\" loading=\"lazy\" \/><\/a>\n\t\t\t<\/dt><\/dl><br style=\"clear: both\" \/><dl class='gallery-item'>\n\t\t\t<dt class='gallery-icon landscape'>\n\t\t\t\t<a href='https:\/\/www.reabilitar.org.br\/ceir\/arraia-da-inclusao\/dsc_0072\/'><img width=\"150\" height=\"150\" src=\"https:\/\/www.reabilitar.org.br\/ceir\/wp-content\/uploads\/2017\/06\/DSC_0072-150x150.jpg\" class=\"attachment-thumbnail size-thumbnail\" alt=\"\" loading=\"lazy\" \/><\/a>\n\t\t\t<\/dt><\/dl><dl class='gallery-item'>\n\t\t\t<dt class='gallery-icon landscape'>\n\t\t\t\t<a href='https:\/\/www.reabilitar.org.br\/ceir\/arraia-da-inclusao\/dsc_0075-5\/'><img width=\"150\" height=\"150\" src=\"https:\/\/www.reabilitar.org.br\/ceir\/wp-content\/uploads\/2017\/06\/DSC_0075-2-150x150.jpg\" class=\"attachment-thumbnail size-thumbnail\" alt=\"\" loading=\"lazy\" \/><\/a>\n\t\t\t<\/dt><\/dl><dl class='gallery-item'>\n\t\t\t<dt class='gallery-icon landscape'>\n\t\t\t\t<a href='https:\/\/www.reabilitar.org.br\/ceir\/arraia-da-inclusao\/dsc_0078-7\/'><img width=\"150\" height=\"150\" src=\"https:\/\/www.reabilitar.org.br\/ceir\/wp-content\/uploads\/2017\/06\/DSC_0078-150x150.jpg\" class=\"attachment-thumbnail size-thumbnail\" alt=\"\" loading=\"lazy\" \/><\/a>\n\t\t\t<\/dt><\/dl><dl class='gallery-item'>\n\t\t\t<dt class='gallery-icon landscape'>\n\t\t\t\t<a href='https:\/\/www.reabilitar.org.br\/ceir\/arraia-da-inclusao\/dsc_0081-3\/'><img width=\"150\" height=\"150\" src=\"https:\/\/www.reabilitar.org.br\/ceir\/wp-content\/uploads\/2017\/06\/DSC_0081-150x150.jpg\" class=\"attachment-thumbnail size-thumbnail\" alt=\"\" loading=\"lazy\" \/><\/a>\n\t\t\t<\/dt><\/dl><dl class='gallery-item'>\n\t\t\t<dt class='gallery-icon landscape'>\n\t\t\t\t<a href='https:\/\/www.reabilitar.org.br\/ceir\/arraia-da-inclusao\/dsc_0090-4\/'><img width=\"150\" height=\"150\" src=\"https:\/\/www.reabilitar.org.br\/ceir\/wp-content\/uploads\/2017\/06\/DSC_0090-150x150.jpg\" class=\"attachment-thumbnail size-thumbnail\" alt=\"\" loading=\"lazy\" \/><\/a>\n\t\t\t<\/dt><\/dl><dl class='gallery-item'>\n\t\t\t<dt class='gallery-icon landscape'>\n\t\t\t\t<a href='https:\/\/www.reabilitar.org.br\/ceir\/arraia-da-inclusao\/dsc_0094-6\/'><img width=\"150\" height=\"150\" src=\"https:\/\/www.reabilitar.org.br\/ceir\/wp-content\/uploads\/2017\/06\/DSC_0094-150x150.jpg\" class=\"attachment-thumbnail size-thumbnail\" alt=\"\" loading=\"lazy\" \/><\/a>\n\t\t\t<\/dt><\/dl><dl class='gallery-item'>\n\t\t\t<dt class='gallery-icon landscape'>\n\t\t\t\t<a href='https:\/\/www.reabilitar.org.br\/ceir\/arraia-da-inclusao\/dsc_0100-5\/'><img width=\"150\" height=\"150\" src=\"https:\/\/www.reabilitar.org.br\/ceir\/wp-content\/uploads\/2017\/06\/DSC_0100-150x150.jpg\" class=\"attachment-thumbnail size-thumbnail\" alt=\"\" loading=\"lazy\" \/><\/a>\n\t\t\t<\/dt><\/dl><dl class='gallery-item'>\n\t\t\t<dt class='gallery-icon landscape'>\n\t\t\t\t<a href='https:\/\/www.reabilitar.org.br\/ceir\/arraia-da-inclusao\/dsc_0107-2\/'><img width=\"150\" height=\"150\" src=\"https:\/\/www.reabilitar.org.br\/ceir\/wp-content\/uploads\/2017\/06\/DSC_0107-150x150.jpg\" class=\"attachment-thumbnail size-thumbnail\" alt=\"\" loading=\"lazy\" \/><\/a>\n\t\t\t<\/dt><\/dl><dl class='gallery-item'>\n\t\t\t<dt class='gallery-icon landscape'>\n\t\t\t\t<a href='https:\/\/www.reabilitar.org.br\/ceir\/arraia-da-inclusao\/dsc_0109-4\/'><img width=\"150\" height=\"150\" src=\"https:\/\/www.reabilitar.org.br\/ceir\/wp-content\/uploads\/2017\/06\/DSC_0109-1-150x150.jpg\" class=\"attachment-thumbnail size-thumbnail\" alt=\"\" loading=\"lazy\" \/><\/a>\n\t\t\t<\/dt><\/dl><br style=\"clear: both\" \/><dl class='gallery-item'>\n\t\t\t<dt class='gallery-icon landscape'>\n\t\t\t\t<a href='https:\/\/www.reabilitar.org.br\/ceir\/arraia-da-inclusao\/dsc_0143-4\/'><img width=\"150\" height=\"150\" src=\"https:\/\/www.reabilitar.org.br\/ceir\/wp-content\/uploads\/2017\/06\/DSC_0143-150x150.jpg\" class=\"attachment-thumbnail size-thumbnail\" alt=\"\" loading=\"lazy\" \/><\/a>\n\t\t\t<\/dt><\/dl><dl class='gallery-item'>\n\t\t\t<dt class='gallery-icon landscape'>\n\t\t\t\t<a href='https:\/\/www.reabilitar.org.br\/ceir\/arraia-da-inclusao\/dsc_0164-3\/'><img width=\"150\" height=\"150\" src=\"https:\/\/www.reabilitar.org.br\/ceir\/wp-content\/uploads\/2017\/06\/DSC_0164-150x150.jpg\" class=\"attachment-thumbnail size-thumbnail\" alt=\"\" loading=\"lazy\" \/><\/a>\n\t\t\t<\/dt><\/dl><dl class='gallery-item'>\n\t\t\t<dt class='gallery-icon landscape'>\n\t\t\t\t<a href='https:\/\/www.reabilitar.org.br\/ceir\/arraia-da-inclusao\/dsc_0176-3\/'><img width=\"150\" height=\"150\" src=\"https:\/\/www.reabilitar.org.br\/ceir\/wp-content\/uploads\/2017\/06\/DSC_0176-1-150x150.jpg\" class=\"attachment-thumbnail size-thumbnail\" alt=\"\" loading=\"lazy\" \/><\/a>\n\t\t\t<\/dt><\/dl><dl class='gallery-item'>\n\t\t\t<dt class='gallery-icon landscape'>\n\t\t\t\t<a href='https:\/\/www.reabilitar.org.br\/ceir\/arraia-da-inclusao\/dsc_0183-2\/'><img width=\"150\" height=\"150\" src=\"https:\/\/www.reabilitar.org.br\/ceir\/wp-content\/uploads\/2017\/06\/DSC_0183-150x150.jpg\" class=\"attachment-thumbnail size-thumbnail\" alt=\"\" loading=\"lazy\" \/><\/a>\n\t\t\t<\/dt><\/dl><dl class='gallery-item'>\n\t\t\t<dt class='gallery-icon landscape'>\n\t\t\t\t<a href='https:\/\/www.reabilitar.org.br\/ceir\/arraia-da-inclusao\/dsc_0188\/'><img width=\"150\" height=\"150\" src=\"https:\/\/www.reabilitar.org.br\/ceir\/wp-content\/uploads\/2017\/06\/DSC_0188-150x150.jpg\" class=\"attachment-thumbnail size-thumbnail\" alt=\"\" loading=\"lazy\" \/><\/a>\n\t\t\t<\/dt><\/dl><dl class='gallery-item'>\n\t\t\t<dt class='gallery-icon landscape'>\n\t\t\t\t<a href='https:\/\/www.reabilitar.org.br\/ceir\/arraia-da-inclusao\/dsc_0193-3\/'><img width=\"150\" height=\"150\" src=\"https:\/\/www.reabilitar.org.br\/ceir\/wp-content\/uploads\/2017\/06\/DSC_0193-150x150.jpg\" class=\"attachment-thumbnail size-thumbnail\" alt=\"\" loading=\"lazy\" \/><\/a>\n\t\t\t<\/dt><\/dl><dl class='gallery-item'>\n\t\t\t<dt class='gallery-icon landscape'>\n\t\t\t\t<a href='https:\/\/www.reabilitar.org.br\/ceir\/arraia-da-inclusao\/dsc_0202-2\/'><img width=\"150\" height=\"150\" src=\"https:\/\/www.reabilitar.org.br\/ceir\/wp-content\/uploads\/2017\/06\/DSC_0202-150x150.jpg\" class=\"attachment-thumbnail size-thumbnail\" alt=\"\" loading=\"lazy\" \/><\/a>\n\t\t\t<\/dt><\/dl><dl class='gallery-item'>\n\t\t\t<dt class='gallery-icon landscape'>\n\t\t\t\t<a href='https:\/\/www.reabilitar.org.br\/ceir\/arraia-da-inclusao\/dsc_0208\/'><img width=\"150\" height=\"150\" src=\"https:\/\/www.reabilitar.org.br\/ceir\/wp-content\/uploads\/2017\/06\/DSC_0208-150x150.jpg\" class=\"attachment-thumbnail size-thumbnail\" alt=\"\" loading=\"lazy\" \/><\/a>\n\t\t\t<\/dt><\/dl><dl class='gallery-item'>\n\t\t\t<dt class='gallery-icon landscape'>\n\t\t\t\t<a href='https:\/\/www.reabilitar.org.br\/ceir\/arraia-da-inclusao\/dsc_0216-3\/'><img width=\"150\" height=\"150\" src=\"https:\/\/www.reabilitar.org.br\/ceir\/wp-content\/uploads\/2017\/06\/DSC_0216-150x150.jpg\" class=\"attachment-thumbnail size-thumbnail\" alt=\"\" loading=\"lazy\" \/><\/a>\n\t\t\t<\/dt><\/dl><br style=\"clear: both\" \/><dl class='gallery-item'>\n\t\t\t<dt class='gallery-icon landscape'>\n\t\t\t\t<a href='https:\/\/www.reabilitar.org.br\/ceir\/arraia-da-inclusao\/dsc_0230-2\/'><img width=\"150\" height=\"150\" src=\"https:\/\/www.reabilitar.org.br\/ceir\/wp-content\/uploads\/2017\/06\/DSC_0230-1-150x150.jpg\" class=\"attachment-thumbnail size-thumbnail\" alt=\"\" loading=\"lazy\" \/><\/a>\n\t\t\t<\/dt><\/dl><dl class='gallery-item'>\n\t\t\t<dt class='gallery-icon landscape'>\n\t\t\t\t<a href='https:\/\/www.reabilitar.org.br\/ceir\/arraia-da-inclusao\/dsc_0240-2\/'><img width=\"150\" height=\"150\" src=\"https:\/\/www.reabilitar.org.br\/ceir\/wp-content\/uploads\/2017\/06\/DSC_0240-150x150.jpg\" class=\"attachment-thumbnail size-thumbnail\" alt=\"\" loading=\"lazy\" \/><\/a>\n\t\t\t<\/dt><\/dl><dl class='gallery-item'>\n\t\t\t<dt class='gallery-icon landscape'>\n\t\t\t\t<a href='https:\/\/www.reabilitar.org.br\/ceir\/arraia-da-inclusao\/gracinha-feitosa-68-anos-2\/'><img width=\"150\" height=\"150\" src=\"https:\/\/www.reabilitar.org.br\/ceir\/wp-content\/uploads\/2017\/06\/Gracinha-Feitosa-68-anos-1-150x150.jpg\" class=\"attachment-thumbnail size-thumbnail\" alt=\"\" loading=\"lazy\" \/><\/a>\n\t\t\t<\/dt><\/dl><dl class='gallery-item'>\n\t\t\t<dt class='gallery-icon landscape'>\n\t\t\t\t<a href='https:\/\/www.reabilitar.org.br\/ceir\/arraia-da-inclusao\/dsc_0003-8\/'><img width=\"150\" height=\"150\" src=\"https:\/\/www.reabilitar.org.br\/ceir\/wp-content\/uploads\/2017\/06\/DSC_0003-150x150.jpg\" class=\"attachment-thumbnail size-thumbnail\" alt=\"\" loading=\"lazy\" \/><\/a>\n\t\t\t<\/dt><\/dl><dl class='gallery-item'>\n\t\t\t<dt class='gallery-icon landscape'>\n\t\t\t\t<a href='https:\/\/www.reabilitar.org.br\/ceir\/arraia-da-inclusao\/dsc_0008-9\/'><img width=\"150\" height=\"150\" src=\"https:\/\/www.reabilitar.org.br\/ceir\/wp-content\/uploads\/2017\/06\/DSC_0008-1-150x150.jpg\" class=\"attachment-thumbnail size-thumbnail\" alt=\"\" loading=\"lazy\" \/><\/a>\n\t\t\t<\/dt><\/dl><dl class='gallery-item'>\n\t\t\t<dt class='gallery-icon landscape'>\n\t\t\t\t<a href='https:\/\/www.reabilitar.org.br\/ceir\/arraia-da-inclusao\/dsc_0016-8\/'><img width=\"150\" height=\"150\" src=\"https:\/\/www.reabilitar.org.br\/ceir\/wp-content\/uploads\/2017\/06\/DSC_0016-150x150.jpg\" class=\"attachment-thumbnail size-thumbnail\" alt=\"\" loading=\"lazy\" \/><\/a>\n\t\t\t<\/dt><\/dl><dl class='gallery-item'>\n\t\t\t<dt class='gallery-icon landscape'>\n\t\t\t\t<a href='https:\/\/www.reabilitar.org.br\/ceir\/arraia-da-inclusao\/dsc_0022-8\/'><img width=\"150\" height=\"150\" src=\"https:\/\/www.reabilitar.org.br\/ceir\/wp-content\/uploads\/2017\/06\/DSC_0022-150x150.jpg\" class=\"attachment-thumbnail size-thumbnail\" alt=\"\" loading=\"lazy\" \/><\/a>\n\t\t\t<\/dt><\/dl><dl class='gallery-item'>\n\t\t\t<dt class='gallery-icon landscape'>\n\t\t\t\t<a href='https:\/\/www.reabilitar.org.br\/ceir\/arraia-da-inclusao\/dsc_0037-6\/'><img width=\"150\" height=\"150\" src=\"https:\/\/www.reabilitar.org.br\/ceir\/wp-content\/uploads\/2017\/06\/DSC_0037-150x150.jpg\" class=\"attachment-thumbnail size-thumbnail\" alt=\"\" loading=\"lazy\" \/><\/a>\n\t\t\t<\/dt><\/dl><dl class='gallery-item'>\n\t\t\t<dt class='gallery-icon landscape'>\n\t\t\t\t<a href='https:\/\/www.reabilitar.org.br\/ceir\/arraia-da-inclusao\/dsc_0041-4\/'><img width=\"150\" height=\"150\" src=\"https:\/\/www.reabilitar.org.br\/ceir\/wp-content\/uploads\/2017\/06\/DSC_0041-150x150.jpg\" class=\"attachment-thumbnail size-thumbnail\" alt=\"\" loading=\"lazy\" \/><\/a>\n\t\t\t<\/dt><\/dl><br style=\"clear: both\" \/><dl class='gallery-item'>\n\t\t\t<dt class='gallery-icon landscape'>\n\t\t\t\t<a href='https:\/\/www.reabilitar.org.br\/ceir\/arraia-da-inclusao\/dsc_0050-4\/'><img width=\"150\" height=\"150\" src=\"https:\/\/www.reabilitar.org.br\/ceir\/wp-content\/uploads\/2017\/06\/DSC_0050-150x150.jpg\" class=\"attachment-thumbnail size-thumbnail\" alt=\"\" loading=\"lazy\" \/><\/a>\n\t\t\t<\/dt><\/dl><dl class='gallery-item'>\n\t\t\t<dt class='gallery-icon landscape'>\n\t\t\t\t<a href='https:\/\/www.reabilitar.org.br\/ceir\/arraia-da-inclusao\/dsc_0059-5\/'><img width=\"150\" height=\"150\" src=\"https:\/\/www.reabilitar.org.br\/ceir\/wp-content\/uploads\/2017\/06\/DSC_0059-150x150.jpg\" class=\"attachment-thumbnail size-thumbnail\" alt=\"\" loading=\"lazy\" \/><\/a>\n\t\t\t<\/dt><\/dl><dl class='gallery-item'>\n\t\t\t<dt class='gallery-icon landscape'>\n\t\t\t\t<a href='https:\/\/www.reabilitar.org.br\/ceir\/arraia-da-inclusao\/dsc_0062-3\/'><img width=\"150\" height=\"150\" src=\"https:\/\/www.reabilitar.org.br\/ceir\/wp-content\/uploads\/2017\/06\/DSC_0062-150x150.jpg\" class=\"attachment-thumbnail size-thumbnail\" alt=\"\" loading=\"lazy\" \/><\/a>\n\t\t\t<\/dt><\/dl><dl class='gallery-item'>\n\t\t\t<dt class='gallery-icon landscape'>\n\t\t\t\t<a href='https:\/\/www.reabilitar.org.br\/ceir\/quadrilha-aquatica-no-ceir-4\/'><img width=\"150\" height=\"150\" src=\"https:\/\/www.reabilitar.org.br\/ceir\/wp-content\/uploads\/2017\/06\/Quadrilha-aqu\u00e1tica-no-Ceir-4-150x150.jpg\" class=\"attachment-thumbnail size-thumbnail\" alt=\"\" loading=\"lazy\" \/><\/a>\n\t\t\t<\/dt><\/dl><dl class='gallery-item'>\n\t\t\t<dt class='gallery-icon landscape'>\n\t\t\t\t<a href='https:\/\/www.reabilitar.org.br\/ceir\/quadrilha-aquatica-no-ceir-5\/'><img width=\"150\" height=\"150\" src=\"https:\/\/www.reabilitar.org.br\/ceir\/wp-content\/uploads\/2017\/06\/Quadrilha-aqu\u00e1tica-no-Ceir-5-150x150.jpg\" class=\"attachment-thumbnail size-thumbnail\" alt=\"\" loading=\"lazy\" \/><\/a>\n\t\t\t<\/dt><\/dl><dl class='gallery-item'>\n\t\t\t<dt class='gallery-icon landscape'>\n\t\t\t\t<a href='https:\/\/www.reabilitar.org.br\/ceir\/quadrilha-aquatica-no-ceir-3\/'><img width=\"150\" height=\"150\" src=\"https:\/\/www.reabilitar.org.br\/ceir\/wp-content\/uploads\/2017\/06\/Quadrilha-aqu\u00e1tica-no-Ceir-3-150x150.jpg\" class=\"attachment-thumbnail size-thumbnail\" alt=\"\" loading=\"lazy\" \/><\/a>\n\t\t\t<\/dt><\/dl><dl class='gallery-item'>\n\t\t\t<dt class='gallery-icon landscape'>\n\t\t\t\t<a href='https:\/\/www.reabilitar.org.br\/ceir\/quadrilha-aquatica-no-ceir-2\/'><img width=\"150\" height=\"150\" src=\"https:\/\/www.reabilitar.org.br\/ceir\/wp-content\/uploads\/2017\/06\/Quadrilha-aqu\u00e1tica-no-Ceir-2-150x150.jpg\" class=\"attachment-thumbnail size-thumbnail\" alt=\"\" loading=\"lazy\" \/><\/a>\n\t\t\t<\/dt><\/dl><dl class='gallery-item'>\n\t\t\t<dt class='gallery-icon landscape'>\n\t\t\t\t<a href='https:\/\/www.reabilitar.org.br\/ceir\/quadrilha-aquatica-no-ceir-1\/'><img width=\"150\" height=\"150\" src=\"https:\/\/www.reabilitar.org.br\/ceir\/wp-content\/uploads\/2017\/06\/Quadrilha-aqu\u00e1tica-no-Ceir-1-150x150.jpg\" class=\"attachment-thumbnail size-thumbnail\" alt=\"\" loading=\"lazy\" \/><\/a>\n\t\t\t<\/dt><\/dl><dl class='gallery-item'>\n\t\t\t<dt class='gallery-icon landscape'>\n\t\t\t\t<a href='https:\/\/www.reabilitar.org.br\/ceir\/dsc_0001-8\/'><img width=\"150\" height=\"150\" src=\"https:\/\/www.reabilitar.org.br\/ceir\/wp-content\/uploads\/2017\/06\/DSC_0001-150x150.jpg\" class=\"attachment-thumbnail size-thumbnail\" alt=\"\" loading=\"lazy\" \/><\/a>\n\t\t\t<\/dt><\/dl><br style=\"clear: both\" \/>\n\t\t<\/div>\n\n","protected":false},"excerpt":{"rendered":"<p>A grande roda abriu para a inclus\u00e3o e fizemos bater forte cada cora\u00e7\u00e3o!\u00a0\u2764<\/p>\n","protected":false},"author":2,"featured_media":5312,"comment_status":"open","ping_status":"open","sticky":false,"template":"","format":"standard","meta":[],"categories":[6],"tags":[141,32],"acf":[],"_links":{"self":[{"href":"https:\/\/www.reabilitar.org.br\/ceir\/wp-json\/wp\/v2\/posts\/5302"}],"collection":[{"href":"https:\/\/www.reabilitar.org.br\/ceir\/wp-json\/wp\/v2\/posts"}],"about":[{"href":"https:\/\/www.reabilitar.org.br\/ceir\/wp-json\/wp\/v2\/types\/post"}],"author":[{"embeddable":true,"href":"https:\/\/www.reabilitar.org.br\/ceir\/wp-json\/wp\/v2\/users\/2"}],"replies":[{"embeddable":true,"href":"https:\/\/www.reabilitar.org.br\/ceir\/wp-json\/wp\/v2\/comments?post=5302"}],"version-history":[{"count":5,"href":"https:\/\/www.reabilitar.org.br\/ceir\/wp-json\/wp\/v2\/posts\/5302\/revisions"}],"predecessor-version":[{"id":5401,"href":"https:\/\/www.reabilitar.org.br\/ceir\/wp-json\/wp\/v2\/posts\/5302\/revisions\/5401"}],"wp:featuredmedia":[{"embeddable":true,"href":"https:\/\/www.reabilitar.org.br\/ceir\/wp-json\/wp\/v2\/media\/5312"}],"wp:attachment":[{"href":"https:\/\/www.reabilitar.org.br\/ceir\/wp-json\/wp\/v2\/media?parent=5302"}],"wp:term":[{"taxonomy":"category","embeddable":true,"href":"https:\/\/www.reabilitar.org.br\/ceir\/wp-json\/wp\/v2\/categories?post=5302"},{"taxonomy":"post_tag","embeddable":true,"href":"https:\/\/www.reabilitar.org.br\/ceir\/wp-json\/wp\/v2\/tags?post=5302"}],"curies":[{"name":"wp","href":"https:\/\/api.w.org\/{rel}","templated":true}]}}