{"id":202,"count":2,"description":"","link":"https:\/\/www.reabilitar.org.br\/ceir\/tag\/reabilitacao-fisica\/","name":"Reabilita\u00e7\u00e3o F\u00edsica","slug":"reabilitacao-fisica","taxonomy":"post_tag","meta":[],"_links":{"self":[{"href":"https:\/\/www.reabilitar.org.br\/ceir\/wp-json\/wp\/v2\/tags\/202"}],"collection":[{"href":"https:\/\/www.reabilitar.org.br\/ceir\/wp-json\/wp\/v2\/tags"}],"about":[{"href":"https:\/\/www.reabilitar.org.br\/ceir\/wp-json\/wp\/v2\/taxonomies\/post_tag"}],"wp:post_type":[{"href":"https:\/\/www.reabilitar.org.br\/ceir\/wp-json\/wp\/v2\/posts?tags=202"}],"curies":[{"name":"wp","href":"https:\/\/api.w.org\/{rel}","templated":true}]}}